{"id":100864,"date":"2025-12-09T08:53:25","date_gmt":"2025-12-09T08:53:25","guid":{"rendered":"https:\/\/www.europesays.com\/se\/100864\/"},"modified":"2025-12-09T08:53:25","modified_gmt":"2025-12-09T08:53:25","slug":"jimmy-kimmel-far-forlangt-kontrakt-2","status":"publish","type":"post","link":"https:\/\/www.europesays.com\/se\/100864\/","title":{"rendered":"Jimmy Kimmel f\u00e5r f\u00f6rl\u00e4ngt kontrakt"},"content":{"rendered":"<p>Pratshowv\u00e4rden Jimmy Kimmel har f\u00e5tt f\u00f6rl\u00e4ngt kontrakt och forts\u00e4tter leda sitt \u201dJimmy Kimmel live\u201d till \u00e5tminstone 2027, skriver Bloomberg.<\/p>\n<p>Tv-bolaget ABC ska ha kommit \u00f6verens med Kimmel om detta f\u00f6r flera m\u00e5nader sedan, men sk\u00f6t upp att ber\u00e4tta om det med h\u00e4nsyn till kollegan Stephen Colbert, som fick sparken fr\u00e5n CBS tidigare i \u00e5r.<\/p>\n<p>I h\u00f6stas kritiserades Kimmel av Donald Trump efter att ha kommenterat h\u00f6gerdebatt\u00f6ren Charlie Kirks d\u00f6d, Kimmel st\u00e4ngdes d\u00e5 kortvarigt av fr\u00e5n ABC. Det beslutet m\u00f6ttes av massiv kritik, inte minst fr\u00e5n Hollywood.<\/p>\n","protected":false},"excerpt":{"rendered":"Pratshowv\u00e4rden Jimmy Kimmel har f\u00e5tt f\u00f6rl\u00e4ngt kontrakt och forts\u00e4tter leda sitt \u201dJimmy Kimmel live\u201d till \u00e5tminstone 2027, skriver&hellip;\n","protected":false},"author":2,"featured_media":100865,"comment_status":"","ping_status":"","sticky":false,"template":"","format":"standard","meta":{"footnotes":""},"categories":[67],"tags":[104,34,31,33,32,30,105],"class_list":{"0":"post-100864","1":"post","2":"type-post","3":"status-publish","4":"format-standard","5":"has-post-thumbnail","7":"category-underhallning","8":"tag-entertainment","9":"tag-se","10":"tag-svenska","11":"tag-sverige","12":"tag-sweden","13":"tag-swedish","14":"tag-underhallning"},"share_on_mastodon":{"url":"https:\/\/pubeurope.com\/@se\/115688767672582138","error":""},"_links":{"self":[{"href":"https:\/\/www.europesays.com\/se\/wp-json\/wp\/v2\/posts\/100864","targetHints":{"allow":["GET"]}}],"collection":[{"href":"https:\/\/www.europesays.com\/se\/wp-json\/wp\/v2\/posts"}],"about":[{"href":"https:\/\/www.europesays.com\/se\/wp-json\/wp\/v2\/types\/post"}],"author":[{"embeddable":true,"href":"https:\/\/www.europesays.com\/se\/wp-json\/wp\/v2\/users\/2"}],"replies":[{"embeddable":true,"href":"https:\/\/www.europesays.com\/se\/wp-json\/wp\/v2\/comments?post=100864"}],"version-history":[{"count":0,"href":"https:\/\/www.europesays.com\/se\/wp-json\/wp\/v2\/posts\/100864\/revisions"}],"wp:featuredmedia":[{"embeddable":true,"href":"https:\/\/www.europesays.com\/se\/wp-json\/wp\/v2\/media\/100865"}],"wp:attachment":[{"href":"https:\/\/www.europesays.com\/se\/wp-json\/wp\/v2\/media?parent=100864"}],"wp:term":[{"taxonomy":"category","embeddable":true,"href":"https:\/\/www.europesays.com\/se\/wp-json\/wp\/v2\/categories?post=100864"},{"taxonomy":"post_tag","embeddable":true,"href":"https:\/\/www.europesays.com\/se\/wp-json\/wp\/v2\/tags?post=100864"}],"curies":[{"name":"wp","href":"https:\/\/api.w.org\/{rel}","templated":true}]}}