{"id":100866,"date":"2025-12-09T08:55:08","date_gmt":"2025-12-09T08:55:08","guid":{"rendered":"https:\/\/www.europesays.com\/se\/100866\/"},"modified":"2025-12-09T08:55:08","modified_gmt":"2025-12-09T08:55:08","slug":"fel-upptackt-oskarshamns-karnkraftverk-stangs","status":"publish","type":"post","link":"https:\/\/www.europesays.com\/se\/100866\/","title":{"rendered":"Fel uppt\u00e4ckt \u2013 Oskarshamns k\u00e4rnkraftverk st\u00e4ngs"},"content":{"rendered":"<p>Reaktorn st\u00e4ngs ner natten till torsdag 11 december och varar prelimin\u00e4rt till 20 december, enligt ett meddelande till elb\u00f6rsen Nord Pool.<\/p>\n<p>Det var inte l\u00e4nge sedan reaktorn, Sveriges st\u00f6rsta som producerar 1\u00a0400 MW, var tillbaka i drift efter \u00f6ver ett halv\u00e5r p\u00e5 reparation.<\/p>\n<p>\u2013 Med tanke p\u00e5 \u00e5rets l\u00e5nga stillest\u00e5nd s\u00e5 vill vi fels\u00f6ka anledningen och \u00e5tg\u00e4rda eventuella fel innan vintern \u00e4r h\u00e4r, s\u00e4ger D\u00e9sir\u00e9e Liljevall.<\/p>\n<p>Tiden att \u00e5tg\u00e4rda felen tenderar ofta att dra l\u00e4ngre ut p\u00e5 tiden \u00e4n vad man s\u00e4ger fr\u00e5n b\u00f6rjan.<\/p>\n<p>\u2013 Om \u00e5terstartsdatum skulle \u00e4ndras s\u00e5 meddelar vi Nord Pool det f\u00f6rst, s\u00e4ger hon.<\/p>\n<p>Parallellt \u00e4r \u00e4ven en av reaktorerna vid Forsmarks k\u00e4rnkraftverk avst\u00e4lld f\u00f6r en mer omfattande revision, med en \u00e5terstart som det har skjutits p\u00e5, till nu prelimin\u00e4rt 14 december.<\/p>\n","protected":false},"excerpt":{"rendered":"Reaktorn st\u00e4ngs ner natten till torsdag 11 december och varar prelimin\u00e4rt till 20 december, enligt ett meddelande till&hellip;\n","protected":false},"author":2,"featured_media":63854,"comment_status":"","ping_status":"","sticky":false,"template":"","format":"standard","meta":{"footnotes":""},"categories":[65],"tags":[72,70,71,34,31,33,32,30],"class_list":{"0":"post-100866","1":"post","2":"type-post","3":"status-publish","4":"format-standard","5":"has-post-thumbnail","7":"category-ekonomi","8":"tag-business","9":"tag-economy","10":"tag-ekonomi","11":"tag-se","12":"tag-svenska","13":"tag-sverige","14":"tag-sweden","15":"tag-swedish"},"share_on_mastodon":{"url":"https:\/\/pubeurope.com\/@se\/115688775663431153","error":""},"_links":{"self":[{"href":"https:\/\/www.europesays.com\/se\/wp-json\/wp\/v2\/posts\/100866","targetHints":{"allow":["GET"]}}],"collection":[{"href":"https:\/\/www.europesays.com\/se\/wp-json\/wp\/v2\/posts"}],"about":[{"href":"https:\/\/www.europesays.com\/se\/wp-json\/wp\/v2\/types\/post"}],"author":[{"embeddable":true,"href":"https:\/\/www.europesays.com\/se\/wp-json\/wp\/v2\/users\/2"}],"replies":[{"embeddable":true,"href":"https:\/\/www.europesays.com\/se\/wp-json\/wp\/v2\/comments?post=100866"}],"version-history":[{"count":0,"href":"https:\/\/www.europesays.com\/se\/wp-json\/wp\/v2\/posts\/100866\/revisions"}],"wp:featuredmedia":[{"embeddable":true,"href":"https:\/\/www.europesays.com\/se\/wp-json\/wp\/v2\/media\/63854"}],"wp:attachment":[{"href":"https:\/\/www.europesays.com\/se\/wp-json\/wp\/v2\/media?parent=100866"}],"wp:term":[{"taxonomy":"category","embeddable":true,"href":"https:\/\/www.europesays.com\/se\/wp-json\/wp\/v2\/categories?post=100866"},{"taxonomy":"post_tag","embeddable":true,"href":"https:\/\/www.europesays.com\/se\/wp-json\/wp\/v2\/tags?post=100866"}],"curies":[{"name":"wp","href":"https:\/\/api.w.org\/{rel}","templated":true}]}}