{"id":100870,"date":"2025-12-09T08:58:33","date_gmt":"2025-12-09T08:58:33","guid":{"rendered":"https:\/\/www.europesays.com\/se\/100870\/"},"modified":"2025-12-09T08:58:33","modified_gmt":"2025-12-09T08:58:33","slug":"eu-utreder-googles-anvandning-av-onlineinnehall-for-ai-syfte","status":"publish","type":"post","link":"https:\/\/www.europesays.com\/se\/100870\/","title":{"rendered":"EU utreder Googles anv\u00e4ndning av onlineinneh\u00e5ll f\u00f6r AI-syfte"},"content":{"rendered":"<p>&#13;<br \/>\n                        Granskningen g\u00e4ller ocks\u00e5 om AI-verktygen har anv\u00e4nts f\u00f6r att tr\u00e4nga undan konkurrenter, samt om bolaget har inf\u00f6rt osk\u00e4liga villkor f\u00f6r inneh\u00e5llsskapare och gynnat sin egen AI-modell framf\u00f6r rivaler, enligt ett pressmeddelande.<\/p>\n<p>Kommissionen ska \u00e4ven bed\u00f6ma om AI-\u00f6versikter och AI-l\u00e4ge bygger p\u00e5 webbinneh\u00e5ll som ers\u00e4tts p\u00e5 ett rimligt s\u00e4tt. <\/p>\n<p>\u201cDetta fall \u00e4r \u00e5terigen ett starkt tecken p\u00e5 v\u00e5rt engagemang f\u00f6r att skydda onlinepressen och andra inneh\u00e5llsskapare, samt f\u00f6r att s\u00e4kerst\u00e4lla r\u00e4ttvis konkurrens p\u00e5 nya AI-marknader\u201d, s\u00e4ger EU:s konkurrenschef Teresa Ribera.&#13;\n                    <\/p>\n","protected":false},"excerpt":{"rendered":"&#13; Granskningen g\u00e4ller ocks\u00e5 om AI-verktygen har anv\u00e4nts f\u00f6r att tr\u00e4nga undan konkurrenter, samt om bolaget har inf\u00f6rt&hellip;\n","protected":false},"author":2,"featured_media":30855,"comment_status":"","ping_status":"","sticky":false,"template":"","format":"standard","meta":{"footnotes":""},"categories":[5],"tags":[22,23,454,26,27,453,451,17,21,452,24,25,28,29,15,16,18,34,31,33,32,30,19,20,455],"class_list":{"0":"post-100870","1":"post","2":"type-post","3":"status-publish","4":"format-standard","5":"has-post-thumbnail","7":"category-rubriker","8":"tag-breaking-news","9":"tag-breakingnews","10":"tag-ekonomisk-analys","11":"tag-featured-news","12":"tag-featurednews","13":"tag-finans","14":"tag-finansiella-nyheter","15":"tag-headlines","16":"tag-huvudnyheter","17":"tag-investera","18":"tag-latest-news","19":"tag-latestnews","20":"tag-main-news","21":"tag-mainnews","22":"tag-news","23":"tag-nyheter","24":"tag-rubriker","25":"tag-se","26":"tag-svenska","27":"tag-sverige","28":"tag-sweden","29":"tag-swedish","30":"tag-top-stories","31":"tag-topstories","32":"tag-trading"},"share_on_mastodon":{"url":"https:\/\/pubeurope.com\/@se\/115688787378114112","error":""},"_links":{"self":[{"href":"https:\/\/www.europesays.com\/se\/wp-json\/wp\/v2\/posts\/100870","targetHints":{"allow":["GET"]}}],"collection":[{"href":"https:\/\/www.europesays.com\/se\/wp-json\/wp\/v2\/posts"}],"about":[{"href":"https:\/\/www.europesays.com\/se\/wp-json\/wp\/v2\/types\/post"}],"author":[{"embeddable":true,"href":"https:\/\/www.europesays.com\/se\/wp-json\/wp\/v2\/users\/2"}],"replies":[{"embeddable":true,"href":"https:\/\/www.europesays.com\/se\/wp-json\/wp\/v2\/comments?post=100870"}],"version-history":[{"count":0,"href":"https:\/\/www.europesays.com\/se\/wp-json\/wp\/v2\/posts\/100870\/revisions"}],"wp:featuredmedia":[{"embeddable":true,"href":"https:\/\/www.europesays.com\/se\/wp-json\/wp\/v2\/media\/30855"}],"wp:attachment":[{"href":"https:\/\/www.europesays.com\/se\/wp-json\/wp\/v2\/media?parent=100870"}],"wp:term":[{"taxonomy":"category","embeddable":true,"href":"https:\/\/www.europesays.com\/se\/wp-json\/wp\/v2\/categories?post=100870"},{"taxonomy":"post_tag","embeddable":true,"href":"https:\/\/www.europesays.com\/se\/wp-json\/wp\/v2\/tags?post=100870"}],"curies":[{"name":"wp","href":"https:\/\/api.w.org\/{rel}","templated":true}]}}