{"id":100880,"date":"2025-12-09T09:12:08","date_gmt":"2025-12-09T09:12:08","guid":{"rendered":"https:\/\/www.europesays.com\/se\/100880\/"},"modified":"2025-12-09T09:12:08","modified_gmt":"2025-12-09T09:12:08","slug":"en-person-gripen-for-stolder-pa-sjukhus","status":"publish","type":"post","link":"https:\/\/www.europesays.com\/se\/100880\/","title":{"rendered":"En person gripen f\u00f6r st\u00f6lder p\u00e5 sjukhus"},"content":{"rendered":"<p class=\"preamble\">&#13;<br \/>\n            Ig\u00e5r, den 8 december, greps en person som misst\u00e4nkt f\u00f6r grov st\u00f6ld och grovt h\u00e4leri. Brotten har bland annat skett p\u00e5 ett st\u00f6rre sjukhus i nord\u00f6stra Stockholms l\u00e4n.&#13;\n        <\/p>\n<p>Flera av de utsatta brottsoffren har varit sv\u00e5rt sjuka under tiden de blivit bestulna och m\u00e5nga av dem \u00e4r \u00e4ldre. St\u00f6lderna som skett under en l\u00e4ngre tid har bland annat skett fr\u00e5n patienter p\u00e5 sjukhuset. <\/p>\n<p>I den insats som nu har genomf\u00f6rts har ett samlat grepp tagits om problematiken f\u00f6r att kunna identifiera och gripa misst\u00e4nkta g\u00e4rningspersoner.<\/p>\n<p>\u2013 Vi har satt in en samlad resurs f\u00f6r att avbryta p\u00e5g\u00e5ende brottslighet och st\u00e4vja framtida st\u00f6lder mot s\u00e4rskilt utsatta brottsoffer. Vi utesluter inte att fler gripanden kommer att g\u00f6ras, s\u00e4ger Carolin Forssell, utredningsledare vid grova brott i Stockholm nord.<\/p>\n<p>I insatsen mot st\u00f6lderna har en rad funktioner satts in fr\u00e5n polisens sida. Det handlar om poliser i ber\u00f6rda lokalpolisomr\u00e5den med god lokalk\u00e4nnedom, utredare vid grova brott och specialistfunktioner som godssp\u00e5rare och finansiell utredare.<\/p>\n<p>Den person som \u00e4r gripen och nu ocks\u00e5 anh\u00e5llen har koppling till det sjukhus som drabbats av flera av st\u00f6lderna. Gripandet skedde i en bostad i Stockholm.<\/p>\n<p>\u2013\u00a0Vi \u00e4r alltj\u00e4mt i inledningsskedet av en omfattande utredning d\u00e4r m\u00e5ls\u00e4ttningen \u00e4r att kartl\u00e4gga problematiken och ge brottsoffer uppr\u00e4ttelse, s\u00e4ger Emma Kyhlstedt kammar\u00e5klagare.<\/p>\n<p>                <strong>&#13;<br \/>\n                    Nyhet fr\u00e5n&#13;<br \/>\n                <\/strong><\/p>\n<p>&#13;<br \/>\n                    Polisen Stockholms l\u00e4n&#13;\n                <\/p>\n<p>&#13;<br \/>\n                    <strong>&#13;<br \/>\n                        Publicerad&#13;<br \/>\n                    <\/strong>&#13;<br \/>\n                    &#13;<br \/>\n                        09 december 2025 09.31&#13;<br \/>\n                    &#13;<br \/>\n                    <br \/>&#13;\n            <\/p>\n<p>        &#13;<br \/>\n    &#13;<br \/>\n    &#13;<\/p>\n","protected":false},"excerpt":{"rendered":"&#13; Ig\u00e5r, den 8 december, greps en person som misst\u00e4nkt f\u00f6r grov st\u00f6ld och grovt h\u00e4leri. Brotten har&hellip;\n","protected":false},"author":2,"featured_media":54,"comment_status":"","ping_status":"","sticky":false,"template":"","format":"standard","meta":{"footnotes":""},"categories":[14],"tags":[22,23,26,27,17,21,24,25,28,29,15,16,18,34,31,33,32,30,19,20,51,52,53,54],"class_list":{"0":"post-100880","1":"post","2":"type-post","3":"status-publish","4":"format-standard","5":"has-post-thumbnail","7":"category-varlden","8":"tag-breaking-news","9":"tag-breakingnews","10":"tag-featured-news","11":"tag-featurednews","12":"tag-headlines","13":"tag-huvudnyheter","14":"tag-latest-news","15":"tag-latestnews","16":"tag-main-news","17":"tag-mainnews","18":"tag-news","19":"tag-nyheter","20":"tag-rubriker","21":"tag-se","22":"tag-svenska","23":"tag-sverige","24":"tag-sweden","25":"tag-swedish","26":"tag-top-stories","27":"tag-topstories","28":"tag-varlden","29":"tag-world","30":"tag-world-news","31":"tag-worldnews"},"share_on_mastodon":{"url":"https:\/\/pubeurope.com\/@se\/115688842495449263","error":""},"_links":{"self":[{"href":"https:\/\/www.europesays.com\/se\/wp-json\/wp\/v2\/posts\/100880","targetHints":{"allow":["GET"]}}],"collection":[{"href":"https:\/\/www.europesays.com\/se\/wp-json\/wp\/v2\/posts"}],"about":[{"href":"https:\/\/www.europesays.com\/se\/wp-json\/wp\/v2\/types\/post"}],"author":[{"embeddable":true,"href":"https:\/\/www.europesays.com\/se\/wp-json\/wp\/v2\/users\/2"}],"replies":[{"embeddable":true,"href":"https:\/\/www.europesays.com\/se\/wp-json\/wp\/v2\/comments?post=100880"}],"version-history":[{"count":0,"href":"https:\/\/www.europesays.com\/se\/wp-json\/wp\/v2\/posts\/100880\/revisions"}],"wp:featuredmedia":[{"embeddable":true,"href":"https:\/\/www.europesays.com\/se\/wp-json\/wp\/v2\/media\/54"}],"wp:attachment":[{"href":"https:\/\/www.europesays.com\/se\/wp-json\/wp\/v2\/media?parent=100880"}],"wp:term":[{"taxonomy":"category","embeddable":true,"href":"https:\/\/www.europesays.com\/se\/wp-json\/wp\/v2\/categories?post=100880"},{"taxonomy":"post_tag","embeddable":true,"href":"https:\/\/www.europesays.com\/se\/wp-json\/wp\/v2\/tags?post=100880"}],"curies":[{"name":"wp","href":"https:\/\/api.w.org\/{rel}","templated":true}]}}