{"id":100881,"date":"2025-12-09T09:13:13","date_gmt":"2025-12-09T09:13:13","guid":{"rendered":"https:\/\/www.europesays.com\/se\/100881\/"},"modified":"2025-12-09T09:13:13","modified_gmt":"2025-12-09T09:13:13","slug":"vad-sager-grasrotterna-om-sossarnas-alla-skandaler-ostersunds-posten","status":"publish","type":"post","link":"https:\/\/www.europesays.com\/se\/100881\/","title":{"rendered":"Vad s\u00e4ger gr\u00e4sr\u00f6tterna om sossarnas alla skandaler? \u2013 \u00d6stersunds-Posten"},"content":{"rendered":"<p>Ett parti som varnar f\u00f6r hot mot demokratin m\u00e5ste ocks\u00e5 f\u00f6rsvara den egna interndemokratin. <\/p>\n<p>Detta \u00e4r en opinionstext.Tidningens h\u00e5llning \u00e4r centerpartistisk.<\/p>\n<p><img loading=\"lazy\" decoding=\"async\" width=\"980\" height=\"551\" class=\"article-image article-image--featured\" alt=\"Socialdemokraterna har blivit Sveriges s\u00e4msta folkr\u00f6relse. Medlemmarna g\u00f6ms undan samtidigt som viktiga uppgifter delegeras ut till dotterbolag och avtalsrelationer. \" src=\"https:\/\/www.europesays.com\/se\/wp-content\/uploads\/2025\/12\/c2e88984-6f88-4d7f-829c-d9199d13d7c8.jpeg\"  \/><a class=\"article__lightbox-link\" href=\"https:\/\/static.bonniernews.se\/ba\/c2e88984-6f88-4d7f-829c-d9199d13d7c8.jpeg?crop=5202%2C2926%2Cx0%2Cy73&amp;width=1400&amp;format=pjpg&amp;auto=avif\" data-pswp-width=\"1400\" data-pswp-height=\"788\" data-pswp-caption=\"Socialdemokraterna har blivit Sveriges s\u00e4msta folkr\u00f6relse. Medlemmarna g\u00f6ms undan samtidigt som viktiga uppgifter delegeras ut till dotterbolag och avtalsrelationer.  Bild: Maria Lindholm\" data-pswp- rel=\"nofollow noopener\" target=\"_blank\">\u00d6ppna bild i helsk\u00e4rmsl\u00e4ge<\/a><\/p>\n<p class=\"txt-style-muted\" aria-hidden=\"true\">Socialdemokraterna har blivit Sveriges s\u00e4msta folkr\u00f6relse. Medlemmarna g\u00f6ms undan samtidigt som viktiga uppgifter delegeras ut till dotterbolag och avtalsrelationer. <\/p>\n<p class=\"article__figcaption-attribution txt-style-muted\">Bild: Maria Lindholm<\/p>\n<p>En framg\u00e5ngsrik hantering av skandaler i en partiverksamhet beh\u00f6ver tv\u00e5 komponenter. Dels f\u00f6rm\u00e5gan att hantera sj\u00e4lva mediestormen. Dels, n\u00e4r stormen bl\u00e5st \u00f6ver: f\u00f6rm\u00e5gan att gl\u00f6mma. Det senare g\u00e4ller s\u00e4rskilt aktiva partimedlemmar.\u00a0<\/p>\n<p>TV4 Nyheternas gr\u00e4v om att Socialdemokraternas mediebolag AiP Media sprider politiska budskap via olika konton i sociala medier med otydliga referenser kring vem som ligger bakom briserade just i slutet av en mandatperiod som inte varit rolig f\u00f6r den socialdemokratiska r\u00f6relsen. Och d\u00e5 inte bara f\u00f6r att socialdemokrater passar oj\u00e4mf\u00f6rligt illa i oppositionskostymen. Utan f\u00f6r att man just beh\u00f6vt hantera en lotteriskandal.\u00a0<\/p>\n<p>Men lotteriskanalen \u00e4r gl\u00f6md. J\u00e4ttegl\u00f6md. Den \u00e4r till och med s\u00e5 gl\u00f6md, att man kan t\u00e4nka p\u00e5 det flera g\u00e5nger i veckan, hur gl\u00f6md den \u00e4r.\u00a0<\/p>\n<p aria-disabled=\"true\" class=\"ad__preamble ad-text txt-style-muted txt-ui txt-ui--strong txt-ui-2\">Annons<\/p>\n<p aria-disabled=\"true\" class=\"ad__preamble ad-text txt-style-muted txt-ui txt-ui--strong txt-ui-2\">Annons<\/p>\n<blockquote class=\"article__blockquote\">\n<p class=\"article__blockquote-text txt-headline txt-headline-3\">Denna folkr\u00f6relse blir sannolikt inte s\u00e4rskilt imponerad av att Magdalena Andersson gyttjebrottar med Jimmie \u00c5kesson i fr\u00e5gan om anonyma konton i Agenda.<\/p>\n<\/blockquote>\n<p>Ur denna gl\u00f6mskas synvinkel \u00e4r det olyckligt att TV4 Nyheternas gr\u00e4v kring AiP Media i grunden handlar om samma problem. N\u00e4mligen att Socialdemokraterna delegerar ut en av partipolitikens mest basala arbetsuppgifter, l\u00e5ter den vindla genom dotterbolag och avtalsrelationer, ner till n\u00e5got sv\u00e5rkontrollerat och dunkelt.\u00a0<\/p>\n<p>Arbetsuppgiften att ringa till socialdemokraternas medlemmar. Att sprida ett budskap. Till socialdemokrater, liksom till potentiella. Det var det Kombispel, i sin tur anlitade ett telemarketingf\u00f6retag i Barcelona att g\u00f6ra. Kombispel var namnet p\u00e5 det bolag som fram tills i somras \u00e4gdes av Socialdemokraternas ekonomiska f\u00f6rening A-lotterierna.<\/p>\n<p>Det \u00e4r ocks\u00e5 det AiP Media g\u00f6r, genom f\u00f6rs\u00f6k att skapa opinion och engagemang i sociala medier. Detta ligger i linje med den socialdemokratiska nutida ovanan att g\u00f6mma undan angel\u00e4gen verksamhet i hel\u00e4gda dotterbolag och d\u00e4rifr\u00e5n delegera viktiga uppgifter till externa parter.\u00a0<\/p>\n<p>Diskussionen kring AiP Media har r\u00f6rt sig vid fr\u00e5gan om det verkligen \u00e4r tillr\u00e4ckligt tydligt vem som st\u00e5r bakom de olika sociala medier-konton som mediebolaget driver, och om det b\u00f6r framg\u00e5 tydligare att Socialdemokraterna \u00e4ger AiP Media fast\u00e4n partiet inte har n\u00e5got direktinflytande i det redaktionella inneh\u00e5llet. Men fr\u00e5gan som Socialdemokraterna b\u00f6r st\u00e4lla sig \u00e4r givetvis varf\u00f6r de ska \u00e4ga, finansiera och indirekt \u00e4gna sig \u00e5t s\u00e5dan verksamhet \u00f6verhuvudtaget.\u00a0<\/p>\n<p aria-disabled=\"true\" class=\"ad__preamble ad-text txt-style-muted txt-ui txt-ui--strong txt-ui-2\">Annons<\/p>\n<p aria-disabled=\"true\" class=\"ad__preamble ad-text txt-style-muted txt-ui txt-ui--strong txt-ui-2\">Annons<\/p>\n<p>En liten hemlighet: det \u00e4r det man har en folkr\u00f6relse till. Tusen och \u00e5ter tusen fotsoldater, gr\u00e4sr\u00f6tter, ja, medlemmar. Som betalar medlemsavgiften varje \u00e5r. Som drar p\u00e5 sig v\u00e4sten och st\u00e4ller sig p\u00e5 torget med individuellt inslagna godisbitar. Som skriver debattartiklar, skickar ut kallelser till \u00e5rsm\u00f6ten, som svarar n\u00e4r valberedningen ringer eller sj\u00e4lv ringer till valberedningen och sk\u00e4ller. Ja, det finns nog s\u00e5dana som kan kreera memes och formulera slagkraftiga tweets, ocks\u00e5. P\u00e5 ideell basis.\u00a0<\/p>\n<p>Denna folkr\u00f6relse blir sannolikt inte s\u00e4rskilt imponerad av att Magdalena Andersson gyttjebrottar med Jimmie \u00c5kesson i fr\u00e5gan om anonyma konton i Agenda. Hur starkt men ni r\u00e5\u00e5\u00e5\u00e5! \u00e4n \u00e4r som argument.\u00a0<\/p>\n<p>Vi m\u00e5 leva i en \u00f6verprofessionaliserad tid. Det \u00e4r s\u00e4kert lockande f\u00f6r m\u00e5nga partier att fr\u00e5nta folkr\u00f6relsen dess mest grundl\u00e4ggande arbetsuppgifter. Men ett parti som st\u00e4ndigt p\u00e5minner om den d\u00e4r demokratin, hur hotad den \u00e4r, hur allvarligt l\u00e4get \u00e4r, hur farligt allt \u00e4r, det partiet b\u00f6r se till att bibeh\u00e5lla f\u00f6rtroendet f\u00f6r sin folkr\u00f6relse och sina medlemmar n\u00e5gots\u00e5n\u00e4r intakt. Risken \u00e4r annars att gr\u00e4sr\u00f6tterna visar sig vara mindre duktiga p\u00e5 att gl\u00f6mma \u00e4n vad partiledningen r\u00e4knar med.\u00a0<\/p>\n","protected":false},"excerpt":{"rendered":"Ett parti som varnar f\u00f6r hot mot demokratin m\u00e5ste ocks\u00e5 f\u00f6rsvara den egna interndemokratin. Detta \u00e4r en opinionstext.Tidningens&hellip;\n","protected":false},"author":2,"featured_media":100882,"comment_status":"","ping_status":"","sticky":false,"template":"","format":"standard","meta":{"footnotes":""},"categories":[12],"tags":[22,23,26,27,17,21,24,25,28,29,15,16,18,34,31,33,32,30,19,20],"class_list":{"0":"post-100881","1":"post","2":"type-post","3":"status-publish","4":"format-standard","5":"has-post-thumbnail","7":"category-sverige","8":"tag-breaking-news","9":"tag-breakingnews","10":"tag-featured-news","11":"tag-featurednews","12":"tag-headlines","13":"tag-huvudnyheter","14":"tag-latest-news","15":"tag-latestnews","16":"tag-main-news","17":"tag-mainnews","18":"tag-news","19":"tag-nyheter","20":"tag-rubriker","21":"tag-se","22":"tag-svenska","23":"tag-sverige","24":"tag-sweden","25":"tag-swedish","26":"tag-top-stories","27":"tag-topstories"},"share_on_mastodon":{"url":"https:\/\/pubeurope.com\/@se\/115688846608444929","error":""},"_links":{"self":[{"href":"https:\/\/www.europesays.com\/se\/wp-json\/wp\/v2\/posts\/100881","targetHints":{"allow":["GET"]}}],"collection":[{"href":"https:\/\/www.europesays.com\/se\/wp-json\/wp\/v2\/posts"}],"about":[{"href":"https:\/\/www.europesays.com\/se\/wp-json\/wp\/v2\/types\/post"}],"author":[{"embeddable":true,"href":"https:\/\/www.europesays.com\/se\/wp-json\/wp\/v2\/users\/2"}],"replies":[{"embeddable":true,"href":"https:\/\/www.europesays.com\/se\/wp-json\/wp\/v2\/comments?post=100881"}],"version-history":[{"count":0,"href":"https:\/\/www.europesays.com\/se\/wp-json\/wp\/v2\/posts\/100881\/revisions"}],"wp:featuredmedia":[{"embeddable":true,"href":"https:\/\/www.europesays.com\/se\/wp-json\/wp\/v2\/media\/100882"}],"wp:attachment":[{"href":"https:\/\/www.europesays.com\/se\/wp-json\/wp\/v2\/media?parent=100881"}],"wp:term":[{"taxonomy":"category","embeddable":true,"href":"https:\/\/www.europesays.com\/se\/wp-json\/wp\/v2\/categories?post=100881"},{"taxonomy":"post_tag","embeddable":true,"href":"https:\/\/www.europesays.com\/se\/wp-json\/wp\/v2\/tags?post=100881"}],"curies":[{"name":"wp","href":"https:\/\/api.w.org\/{rel}","templated":true}]}}