{"id":100888,"date":"2025-12-09T09:19:16","date_gmt":"2025-12-09T09:19:16","guid":{"rendered":"https:\/\/www.europesays.com\/se\/100888\/"},"modified":"2025-12-09T09:19:16","modified_gmt":"2025-12-09T09:19:16","slug":"bankchef-avrattad-for-mutbrott-i-kina","status":"publish","type":"post","link":"https:\/\/www.europesays.com\/se\/100888\/","title":{"rendered":"Bankchef avr\u00e4ttad f\u00f6r mutbrott i Kina"},"content":{"rendered":"<p>En f\u00f6re detta bankchef p\u00e5 Banken China Huarong International har avr\u00e4ttats i Kina f\u00f6r mutbrott, rapporterar internationella medier. <\/p>\n<p>Enligt anklagelserna har chefen tagit emot mutor motsvarande 1,4 miljarder kronor fr\u00e5n kunder i utbyte mot f\u00f6rdelaktig behandling. <\/p>\n<p>Domen ses som ett led i ledningens h\u00e5rdare grepp om finanssektorn. Banken China Huarong International har l\u00e4nge varit f\u00f6rem\u00e5l f\u00f6r granskning, och 2021 avr\u00e4ttades moderbolagets styrelseordf\u00f6rande. <\/p>\n<p>Omni \u00e4r politiskt obundna och oberoende. Vi str\u00e4var efter att ge fler perspektiv p\u00e5 nyheterna. Har du fr\u00e5gor eller synpunkter kring v\u00e5r rapportering? <a href=\"https:\/\/omni.se\/bankchef-avrattad-for-mutbrott-i-kina\/a\/mailto:redaktion@omni.se\" class=\"ArticleActions_contactLink__W2F1M\" rel=\"nofollow noopener\" target=\"_blank\">Kontakta redaktionen<\/a><\/p>\n","protected":false},"excerpt":{"rendered":"En f\u00f6re detta bankchef p\u00e5 Banken China Huarong International har avr\u00e4ttats i Kina f\u00f6r mutbrott, rapporterar internationella medier.&hellip;\n","protected":false},"author":2,"featured_media":100889,"comment_status":"","ping_status":"","sticky":false,"template":"","format":"standard","meta":{"footnotes":""},"categories":[65],"tags":[420,72,70,71,549,34,31,33,32,30],"class_list":{"0":"post-100888","1":"post","2":"type-post","3":"status-publish","4":"format-standard","5":"has-post-thumbnail","7":"category-ekonomi","8":"tag-asien","9":"tag-business","10":"tag-economy","11":"tag-ekonomi","12":"tag-kina","13":"tag-se","14":"tag-svenska","15":"tag-sverige","16":"tag-sweden","17":"tag-swedish"},"share_on_mastodon":{"url":"https:\/\/pubeurope.com\/@se\/115688869860247080","error":""},"_links":{"self":[{"href":"https:\/\/www.europesays.com\/se\/wp-json\/wp\/v2\/posts\/100888","targetHints":{"allow":["GET"]}}],"collection":[{"href":"https:\/\/www.europesays.com\/se\/wp-json\/wp\/v2\/posts"}],"about":[{"href":"https:\/\/www.europesays.com\/se\/wp-json\/wp\/v2\/types\/post"}],"author":[{"embeddable":true,"href":"https:\/\/www.europesays.com\/se\/wp-json\/wp\/v2\/users\/2"}],"replies":[{"embeddable":true,"href":"https:\/\/www.europesays.com\/se\/wp-json\/wp\/v2\/comments?post=100888"}],"version-history":[{"count":0,"href":"https:\/\/www.europesays.com\/se\/wp-json\/wp\/v2\/posts\/100888\/revisions"}],"wp:featuredmedia":[{"embeddable":true,"href":"https:\/\/www.europesays.com\/se\/wp-json\/wp\/v2\/media\/100889"}],"wp:attachment":[{"href":"https:\/\/www.europesays.com\/se\/wp-json\/wp\/v2\/media?parent=100888"}],"wp:term":[{"taxonomy":"category","embeddable":true,"href":"https:\/\/www.europesays.com\/se\/wp-json\/wp\/v2\/categories?post=100888"},{"taxonomy":"post_tag","embeddable":true,"href":"https:\/\/www.europesays.com\/se\/wp-json\/wp\/v2\/tags?post=100888"}],"curies":[{"name":"wp","href":"https:\/\/api.w.org\/{rel}","templated":true}]}}