{"id":100914,"date":"2025-12-09T09:42:07","date_gmt":"2025-12-09T09:42:07","guid":{"rendered":"https:\/\/www.europesays.com\/se\/100914\/"},"modified":"2025-12-09T09:42:07","modified_gmt":"2025-12-09T09:42:07","slug":"prisvinnande-prestanda-tcls-nya-generation-tv-far-toppomdomen","status":"publish","type":"post","link":"https:\/\/www.europesays.com\/se\/100914\/","title":{"rendered":"Prisvinnande prestanda: TCLs nya generation TV f\u00e5r toppomd\u00f6men"},"content":{"rendered":"<p>\n          Pressmeddelande &#8211;<br \/>\n 9 December 2025 10:19<\/p>\n<p>    Dela<\/p>\n<p>\n          L\u00e4nk kopierad!\n        <\/p>\n<p>          <a class=\"ghost-btn-with-icon svg-stroke\" rel=\"nofollow noopener\" aria-label=\"Ladda ned som PDF\" href=\"https:\/\/www.mynewsdesk.com\/se\/tcl\/pressreleases\/prisvinnande-prestanda-tcls-nya-generation-tv-faar-toppomdoemen-3420665.pdf\" target=\"_blank\"><\/p>\n<p>            Ladda ner<br \/>\n<\/a>      <\/p>\n<p>TCL forts\u00e4tter att utmana gr\u00e4nserna f\u00f6r hemmaunderh\u00e5llning. F\u00f6retaget har f\u00e5tt briljanta omd\u00f6men fr\u00e5n ledande experter f\u00f6r sina senaste MiniLED-modeller, som kombinerar avancerad bildteknik med imponerande design och funktionalitet.<\/p>\n<p>I nyligen genomf\u00f6rda tester har tv\u00e5 modeller skrapat ihop toppbetyg hos Ljud&amp;Bild.<\/p>\n<p><strong>TCL 115C7K<\/strong> \u2013 en av v\u00e4rldens st\u00f6rsta konsument-TV med 115 tum, som levererar \u00e4kta biok\u00e4nsla i hemmet. Med 4K QLED LCD-panel, MiniLED-bakbelysning och upp till 2 880 dimningszoner erbjuder modellen en ljusstyrka p\u00e5 cirka 2 600 nits och en kontrast som utmanar projektorer och proffssk\u00e4rmar.<\/p>\n<p>S\u00e5h\u00e4r l\u00f6d utl\u00e5tandet kring TCL 115\u201d C7K och <a href=\"https:\/\/www.ljudochbild.se\/test\/tv\/tcl-115c7k\/\" target=\"_blank\" rel=\"nofollow noopener\">utm\u00e4rkelsen \u201dS\u00e4rskilt rekommenderad\u201d<\/a>:<\/p>\n<p>TCL-sk\u00e4rmen har utm\u00e4rkt ljusstyrka, bra f\u00e4rg\u00e5tergivning och \u00e4kta biok\u00e4nsla i ett format som tidigare var reserverat f\u00f6r ganska ljussvaga projektorer och svindyra proffssk\u00e4rmar.<\/p>\n<p><strong>TCL MQLED85K<\/strong> \u2013 en premium-TV som kombinerar h\u00f6g ljusstyrka (upp till 2 500 nits), djup kontrast och exakt lokal dimning i ett elegant format. Med st\u00f6d f\u00f6r Dolby Vision, HDR10+, 144 Hz och Bang &amp; Olufsen-ljud \u00e4r den ett toppval f\u00f6r b\u00e5de film och gaming.<\/p>\n<p>I testet motiveras Ljud&amp;Bilds <a href=\"https:\/\/www.ljudochbild.se\/test\/tv\/tcl-mqled75k-mqled80k-och-mqled85k\/tcl-mqled85k-55mqled85k\/\" target=\"_blank\" rel=\"nofollow noopener\">utm\u00e4rkelse \u201dS\u00e4rskild rekommenderad\u201d<\/a> s\u00e5h\u00e4r:<\/p>\n<p>Detta \u00e4r en TV som passar b\u00e5de filmentusiaster och spelare som vill ha en lagom stor eller st\u00f6rre \u2013 eller enorm \u2013 sk\u00e4rm utan att beh\u00f6va betala flaggskeppsspriser. Det g\u00f6r TCL MQLED85K till ett av de b\u00e4sta k\u00f6pen i premiumklassen just nu.<\/p>\n<p>Ljud &amp; Bild har nu under \u00e5rets slut sammanfattat TV-\u00e5ret genom att ge <a href=\"https:\/\/www.ljudochbild.se\/arets-beste\/arets-basta-tv-apparater-2025-2026\/\" target=\"_blank\" rel=\"nofollow noopener\">utm\u00e4rkelsen \u201d\u00c5rets B\u00e4sta LCD-TV i Premiumsegmentet\u201d<\/a> till TCL MQLED85K. <\/p>\n<p><strong>TCL C8K <\/strong>\u00e4r en TV i TCLs premiumsegment som med QLED-teknik levererar h\u00f6g ljusstyrka, djup kontrast och stabil f\u00e4rg\u00e5tergivning. Modellen har hyllats av b\u00e5de nordiska och internationella experter och har bland annat <a href=\"https:\/\/www.hvidvare-nyt.dk\/her-er-aarets-bedste-produkter-og-en-ny-ambassadoer-for-branchen\/\" target=\"_blank\" rel=\"nofollow noopener\">utsetts till \u201d\u00c5rets Billedoplevelse 2025\u201d<\/a> av APPLiA Danmark f\u00f6r 65C8K, f\u00e5tt <a href=\"https:\/\/www.flatpanelshd.com\/review.php?subaction=showfull&amp;id=1750665779\" target=\"_blank\" rel=\"nofollow noopener\">utm\u00e4rkelsen \u201dHighly Recommended 2025\u201d<\/a> av FlatpanelsHD, samt <a href=\"https:\/\/www.techradar.com\/televisions\/tcl-c8k-review\" target=\"_blank\" rel=\"nofollow noopener\">4,5 av 5 i betyg av TechRadar<\/a>. Dessutom har EISA tilldelat 98C8K <a href=\"https:\/\/eisa.eu\/awards\/tcl-98c8k\/\" target=\"_blank\" rel=\"nofollow noopener\">utm\u00e4rkelsen \u201dSTATEMENT TV 2025\u20132026\u201d<\/a> och SweClockers Testpilot har <a href=\"https:\/\/www.sweclockers.com\/testpilot\/41932-testpilot-maktigt-ljusstarkt-med-tcl-65c8k\" target=\"_blank\" rel=\"nofollow noopener\">bel\u00f6nat modellen med en silverutm\u00e4rkelse<\/a>.<\/p>\n<p>EISA motiverar sitt val med orden: <\/p>\n<p>\u201cThe TCL 98C8K is more than just a television, it\u2019s a bold statement piece, redefining cinematic immersion on an epic scale.\u201d<\/p>\n<p>\u2013 Vi \u00e4r stolta \u00f6ver att v\u00e5ra produkter f\u00e5r erk\u00e4nnande fr\u00e5n branschens experter. Det bekr\u00e4ftar v\u00e5r ambition att leverera den b\u00e4sta TV-upplevelsen, oavsett om du v\u00e4ljer 55 eller 115 tum, s\u00e4ger Marcus Hamm\u00e4cher, Brand Marketing Manager p\u00e5 TCL i Norden.<\/p>\n<p>F\u00f6r mer information om TCLs prisbel\u00f6nta modeller, bes\u00f6k <a href=\"https:\/\/www.tcl.com\/se\" target=\"_blank\" rel=\"nofollow noopener\">https:\/\/www.tcl.com\/se<\/a>. <\/p>\n","protected":false},"excerpt":{"rendered":"Pressmeddelande &#8211; 9 December 2025 10:19 Dela L\u00e4nk kopierad! Ladda ner TCL forts\u00e4tter att utmana gr\u00e4nserna f\u00f6r hemmaunderh\u00e5llning.&hellip;\n","protected":false},"author":2,"featured_media":100915,"comment_status":"","ping_status":"","sticky":false,"template":"","format":"standard","meta":{"footnotes":""},"categories":[66],"tags":[80,78,79,34,31,33,32,30,81,84,1594,83,82],"class_list":{"0":"post-100914","1":"post","2":"type-post","3":"status-publish","4":"format-standard","5":"has-post-thumbnail","7":"category-vetenskap-och-teknik","8":"tag-science","9":"tag-science-and-technology","10":"tag-scienceandtechnology","11":"tag-se","12":"tag-svenska","13":"tag-sverige","14":"tag-sweden","15":"tag-swedish","16":"tag-technology","17":"tag-teknik","18":"tag-tv","19":"tag-vetenskap","20":"tag-vetenskapteknik"},"share_on_mastodon":{"url":"https:\/\/pubeurope.com\/@se\/115688960481399100","error":""},"_links":{"self":[{"href":"https:\/\/www.europesays.com\/se\/wp-json\/wp\/v2\/posts\/100914","targetHints":{"allow":["GET"]}}],"collection":[{"href":"https:\/\/www.europesays.com\/se\/wp-json\/wp\/v2\/posts"}],"about":[{"href":"https:\/\/www.europesays.com\/se\/wp-json\/wp\/v2\/types\/post"}],"author":[{"embeddable":true,"href":"https:\/\/www.europesays.com\/se\/wp-json\/wp\/v2\/users\/2"}],"replies":[{"embeddable":true,"href":"https:\/\/www.europesays.com\/se\/wp-json\/wp\/v2\/comments?post=100914"}],"version-history":[{"count":0,"href":"https:\/\/www.europesays.com\/se\/wp-json\/wp\/v2\/posts\/100914\/revisions"}],"wp:featuredmedia":[{"embeddable":true,"href":"https:\/\/www.europesays.com\/se\/wp-json\/wp\/v2\/media\/100915"}],"wp:attachment":[{"href":"https:\/\/www.europesays.com\/se\/wp-json\/wp\/v2\/media?parent=100914"}],"wp:term":[{"taxonomy":"category","embeddable":true,"href":"https:\/\/www.europesays.com\/se\/wp-json\/wp\/v2\/categories?post=100914"},{"taxonomy":"post_tag","embeddable":true,"href":"https:\/\/www.europesays.com\/se\/wp-json\/wp\/v2\/tags?post=100914"}],"curies":[{"name":"wp","href":"https:\/\/api.w.org\/{rel}","templated":true}]}}