{"id":100922,"date":"2025-12-09T09:48:09","date_gmt":"2025-12-09T09:48:09","guid":{"rendered":"https:\/\/www.europesays.com\/se\/100922\/"},"modified":"2025-12-09T09:48:09","modified_gmt":"2025-12-09T09:48:09","slug":"jelena-dokic-opererad-uppmaningen-fran-sjukhussangen","status":"publish","type":"post","link":"https:\/\/www.europesays.com\/se\/100922\/","title":{"rendered":"Jelena Dokic opererad \u2013 uppmaningen fr\u00e5n sjukhuss\u00e4ngen"},"content":{"rendered":"<p>Publicerad 9 dec 2025 kl 09.02Uppdaterad kl 09.26<\/p>\n<p>Jelena Dokic har opererat en godartad bindv\u00e4vsknuta.\u00a0<\/p>\n<p>Nu delar tennisikonen med sig av bilder fr\u00e5n sjukhuss\u00e4ngen.<\/p>\n<p>\u201dJag kommer att ta det lugnt ett tag\u201d, skriver hon p\u00e5 <a href=\"https:\/\/www.instagram.com\/p\/DR30HTgjCiX\/?img_index=1\" rel=\"nofollow noopener\" target=\"_blank\">Instagram<\/a>.<\/p>\n<p><img   alt=\"\"\/>\u00d6ppna bild i helsk\u00e4rm<img loading=\"lazy\"   alt=\"\"\/><\/p>\n<p>Dokic under fotbolls-VM 2023 i Australien<\/p>\n<p>Foto: MORGAN HANCOCK \/ EPA \/ TT \/ EPA TT NYHETSBYR\u00c5N<\/p>\n<p>\u00d6ppna bild i helsk\u00e4rm<img loading=\"lazy\"   alt=\"\"\/> <\/p>\n<p>Foto: MICHELE LIMINA \/ EPA TT NYHETSBYR\u00c5N<\/p>\n<p>\u00d6ppna bild i helsk\u00e4rm<\/p>\n<p>Det var i slutet av augusti som <a href=\"https:\/\/www.expressen.se\/tagg\/person\/jelena-dokic\/\" class=\"\" rel=\"nofollow noopener\" target=\"_blank\">Jelena Dokic<\/a>, 42, k\u00e4nde att n\u00e5got inte stod r\u00e4tt till.<\/p>\n<p>Den australiska tennisikonen \u00e5kte in till akuten d\u00e4r l\u00e4karna uppt\u00e4ckte en s\u00e5 kallad fibrom \u2013 en godartad bindv\u00e4vsknuta \u2013 i hennes livmoder.<\/p>\n<p>Nu, drygt fyra m\u00e5nader senare, har Dokic genomf\u00f6rt operationen. Fr\u00e5n sjukhuss\u00e4ngen delar hon med sig av goda nyheter. Operationen gick bra.\u00a0<\/p>\n<p>\u201dJag kommer att ta det lugnt ett tag men kommer snart att vara p\u00e5 benen igen\u201d, skriver hon p\u00e5 <a href=\"https:\/\/www.instagram.com\/p\/DR30HTgjCiX\/?img_index=1\" rel=\"nofollow noopener\" target=\"_blank\">Instagram<\/a>.\u00a0<\/p>\n<p>Uppmaningen till fansen<\/p>\n<p>Dokic har sedan starten av behandlingen varit tydlig med att hon vill hj\u00e4lpa andra med liknande besv\u00e4r och bidra till en \u00f6kad medvetenhet om tillst\u00e5ndet till sina f\u00f6ljare.<\/p>\n<p>\u201dF\u00f6r vissa kvinnor p\u00e5verkar det inte alls, medan andra kommer att ha mycket sm\u00e4rta och bl\u00f6dningar beroende p\u00e5 var det sitter och hur stort det \u00e4r. Var sn\u00e4lla och g\u00f6r era unders\u00f6kningar, regelbundna gynekologkontroller, och om n\u00e5got n\u00e5gonsin k\u00e4nns fel eller sm\u00e4rtsamt, avf\u00e4rda det inte utan g\u00e5 till er l\u00e4kare\u201d, skriver den forne storspelaren.<\/p>\n<p>Jelena Dokic var som b\u00e4st rankad fyra i v\u00e4rlden under sin aktiva karri\u00e4r undet tidigt 2000-talet.<\/p>\n<p><script async src=\"\/\/www.instagram.com\/embed.js\"><\/script><\/p>\n","protected":false},"excerpt":{"rendered":"Publicerad 9 dec 2025 kl 09.02Uppdaterad kl 09.26 Jelena Dokic har opererat en godartad bindv\u00e4vsknuta.\u00a0 Nu delar tennisikonen&hellip;\n","protected":false},"author":2,"featured_media":100923,"comment_status":"","ping_status":"","sticky":false,"template":"","format":"standard","meta":{"footnotes":""},"categories":[68],"tags":[2397,34,307,111,110,31,33,32,30],"class_list":{"0":"post-100922","1":"post","2":"type-post","3":"status-publish","4":"format-standard","5":"has-post-thumbnail","7":"category-sport","8":"tag-person-jelena-dokic","9":"tag-se","10":"tag-sections-tennis","11":"tag-sport","12":"tag-sports","13":"tag-svenska","14":"tag-sverige","15":"tag-sweden","16":"tag-swedish"},"share_on_mastodon":{"url":"https:\/\/pubeurope.com\/@se\/115688983999647942","error":""},"_links":{"self":[{"href":"https:\/\/www.europesays.com\/se\/wp-json\/wp\/v2\/posts\/100922","targetHints":{"allow":["GET"]}}],"collection":[{"href":"https:\/\/www.europesays.com\/se\/wp-json\/wp\/v2\/posts"}],"about":[{"href":"https:\/\/www.europesays.com\/se\/wp-json\/wp\/v2\/types\/post"}],"author":[{"embeddable":true,"href":"https:\/\/www.europesays.com\/se\/wp-json\/wp\/v2\/users\/2"}],"replies":[{"embeddable":true,"href":"https:\/\/www.europesays.com\/se\/wp-json\/wp\/v2\/comments?post=100922"}],"version-history":[{"count":0,"href":"https:\/\/www.europesays.com\/se\/wp-json\/wp\/v2\/posts\/100922\/revisions"}],"wp:featuredmedia":[{"embeddable":true,"href":"https:\/\/www.europesays.com\/se\/wp-json\/wp\/v2\/media\/100923"}],"wp:attachment":[{"href":"https:\/\/www.europesays.com\/se\/wp-json\/wp\/v2\/media?parent=100922"}],"wp:term":[{"taxonomy":"category","embeddable":true,"href":"https:\/\/www.europesays.com\/se\/wp-json\/wp\/v2\/categories?post=100922"},{"taxonomy":"post_tag","embeddable":true,"href":"https:\/\/www.europesays.com\/se\/wp-json\/wp\/v2\/tags?post=100922"}],"curies":[{"name":"wp","href":"https:\/\/api.w.org\/{rel}","templated":true}]}}