{"id":100934,"date":"2025-12-09T10:01:08","date_gmt":"2025-12-09T10:01:08","guid":{"rendered":"https:\/\/www.europesays.com\/se\/100934\/"},"modified":"2025-12-09T10:01:08","modified_gmt":"2025-12-09T10:01:08","slug":"trearing-rymde-genom-fonstret-kvinna-atalas","status":"publish","type":"post","link":"https:\/\/www.europesays.com\/se\/100934\/","title":{"rendered":"Tre\u00e5ring rymde genom f\u00f6nstret \u2013 kvinna \u00e5talas"},"content":{"rendered":"<p>Publicerad 9 dec 2025 kl 09.54<\/p>\n<p>P\u00e5 en innerg\u00e5rd i Stockholm hittade en gr\u00e5tande tre\u00e5ring i bara bl\u00f6ja och t-shirt.<\/p>\n<p>Mamman hade l\u00e4mnat hemmet \u2013 och \u00e5talas nu f\u00f6r brott.<\/p>\n<p>Senaste nyhetsklippen fr\u00e5n Expressen.<img   alt=\"\"\/><\/p>\n<p>Kvinnan st\u00e5r \u00e5talad f\u00f6r framkallande av fara f\u00f6r annan.<\/p>\n<p>Foto: Stina Stjernkvist \/ TT NYHETSBYR\u00c5N<\/p>\n<p>\u00d6ppna bild i helsk\u00e4rm<img loading=\"lazy\"   alt=\"\"\/><\/p>\n<p>I polisens f\u00f6runders\u00f6kning framkommer det att det var drygt en halvmeter fr\u00e5n f\u00f6nstret ner till marken.<\/p>\n<p>Foto: Polisen<\/p>\n<p>\u00d6ppna bild i helsk\u00e4rm<\/p>\n<p>I somras hittade en granne en gr\u00e5tande tre\u00e5ring p\u00e5 innerg\u00e5rden i <a href=\"https:\/\/www.expressen.se\/tagg\/location\/stockholm\/\" class=\"\" rel=\"nofollow noopener\" target=\"_blank\">Stockholm<\/a>. Pojken hade bara en bl\u00f6ja och t-shirt p\u00e5 sig.<\/p>\n<p>Han hade vaknat och hade via ett f\u00f6nster tagit sig ut. En granne ringde polisen som lyckades ta reda p\u00e5 pojkens identitet.<\/p>\n<p>Barnet hade l\u00e4mnats sj\u00e4lv av sin mamma, som polisen f\u00f6rs\u00f6kte f\u00e5 tag p\u00e5 utan att lyckas. N\u00e4r hon svarade uppgav hon att hon inte hade varit borta i mera \u00e4n tio minuter f\u00f6r att sl\u00e4nga en m\u00f6bel.<\/p>\n<p>\u201dN\u00e5got som \u00e4r helt om\u00f6jligt tidsm\u00e4ssigt\u201d, skriver en av poliserna i ett PM eftersom mamman fortfarande inte hade dykt upp en timme efter larmet.<\/p>\n<p>\u00c5talas<\/p>\n<p>Kvinnan har uppgett att hon kunde se pojken i sovrummet via en kamera, men att telefonen g\u00e5tt in i vilol\u00e4ge och att hon d\u00e4rf\u00f6r inte m\u00e4rkt att han rymt eller att polisen ringde. Hon har ocks\u00e5 sagt att f\u00f6nstret var st\u00e4ngt n\u00e4r hon l\u00e4mnade.<\/p>\n<p>Nu har hon \u00e5talats f\u00f6r framkallande av fara f\u00f6r annan.<\/p>\n<p>Hon nekar till brott och har sagt i f\u00f6rh\u00f6r att hon inte gjort n\u00e5got som kunnat skada barnet.<\/p>\n","protected":false},"excerpt":{"rendered":"Publicerad 9 dec 2025 kl 09.54 P\u00e5 en innerg\u00e5rd i Stockholm hittade en gr\u00e5tande tre\u00e5ring i bara bl\u00f6ja&hellip;\n","protected":false},"author":2,"featured_media":100935,"comment_status":"","ping_status":"","sticky":false,"template":"","format":"standard","meta":{"footnotes":""},"categories":[12],"tags":[22,23,26,27,17,21,24,25,135,28,29,15,16,18,34,154,31,33,32,30,19,20],"class_list":{"0":"post-100934","1":"post","2":"type-post","3":"status-publish","4":"format-standard","5":"has-post-thumbnail","7":"category-sverige","8":"tag-breaking-news","9":"tag-breakingnews","10":"tag-featured-news","11":"tag-featurednews","12":"tag-headlines","13":"tag-huvudnyheter","14":"tag-latest-news","15":"tag-latestnews","16":"tag-location-stockholm","17":"tag-main-news","18":"tag-mainnews","19":"tag-news","20":"tag-nyheter","21":"tag-rubriker","22":"tag-se","23":"tag-sections-sverige","24":"tag-svenska","25":"tag-sverige","26":"tag-sweden","27":"tag-swedish","28":"tag-top-stories","29":"tag-topstories"},"share_on_mastodon":{"url":"https:\/\/pubeurope.com\/@se\/115689035292069326","error":""},"_links":{"self":[{"href":"https:\/\/www.europesays.com\/se\/wp-json\/wp\/v2\/posts\/100934","targetHints":{"allow":["GET"]}}],"collection":[{"href":"https:\/\/www.europesays.com\/se\/wp-json\/wp\/v2\/posts"}],"about":[{"href":"https:\/\/www.europesays.com\/se\/wp-json\/wp\/v2\/types\/post"}],"author":[{"embeddable":true,"href":"https:\/\/www.europesays.com\/se\/wp-json\/wp\/v2\/users\/2"}],"replies":[{"embeddable":true,"href":"https:\/\/www.europesays.com\/se\/wp-json\/wp\/v2\/comments?post=100934"}],"version-history":[{"count":0,"href":"https:\/\/www.europesays.com\/se\/wp-json\/wp\/v2\/posts\/100934\/revisions"}],"wp:featuredmedia":[{"embeddable":true,"href":"https:\/\/www.europesays.com\/se\/wp-json\/wp\/v2\/media\/100935"}],"wp:attachment":[{"href":"https:\/\/www.europesays.com\/se\/wp-json\/wp\/v2\/media?parent=100934"}],"wp:term":[{"taxonomy":"category","embeddable":true,"href":"https:\/\/www.europesays.com\/se\/wp-json\/wp\/v2\/categories?post=100934"},{"taxonomy":"post_tag","embeddable":true,"href":"https:\/\/www.europesays.com\/se\/wp-json\/wp\/v2\/tags?post=100934"}],"curies":[{"name":"wp","href":"https:\/\/api.w.org\/{rel}","templated":true}]}}