{"id":100946,"date":"2025-12-09T10:13:17","date_gmt":"2025-12-09T10:13:17","guid":{"rendered":"https:\/\/www.europesays.com\/se\/100946\/"},"modified":"2025-12-09T10:13:17","modified_gmt":"2025-12-09T10:13:17","slug":"emmanuelle-charpentier-om-vetenskapens-roll-i-samhallet","status":"publish","type":"post","link":"https:\/\/www.europesays.com\/se\/100946\/","title":{"rendered":"Emmanuelle Charpentier om vetenskapens roll i samh\u00e4llet"},"content":{"rendered":"<p>&#13;<br \/>\n                                &#13;<br \/>\n                                    Publicerad: 2025-12-08&#13;<br \/>\n                                &#13;<br \/>\n                                    &#13;<br \/>\n                                        Uppdaterad: 2025-12-09, 10:41&#13;<br \/>\n                                    &#13;\n                            <\/p>\n<p>&#13;<br \/>\n                                PORTR\u00c4TT&#13;<br \/>\n                                I en tid n\u00e4r vetenskapen ifr\u00e5gas\u00e4tts \u00e4r det viktigare \u00e4n n\u00e5gonsin f\u00f6r forskare att visa hur forskningen bidrar till att l\u00f6sa samh\u00e4llsutmaningar. \u2013 Vi borde h\u00f6ja v\u00e5ra r\u00f6ster som en gemenskap, stanna upp och f\u00f6rklara vad vi g\u00f6r, s\u00e4ger Emmanuelle Charpentier.&#13;\n                            <\/p>\n<p>&#13;<br \/>\n                                            Text: Evelina \u00c5berg, Josefin Laestadius                                <\/p>\n<p>&#13;<br \/>\n                                    Bild: Mattias Pettersson&#13;\n                                <\/p>\n","protected":false},"excerpt":{"rendered":"&#13; &#13; Publicerad: 2025-12-08&#13; &#13; &#13; Uppdaterad: 2025-12-09, 10:41&#13; &#13; &#13; PORTR\u00c4TT&#13; I en tid n\u00e4r vetenskapen ifr\u00e5gas\u00e4tts&hellip;\n","protected":false},"author":2,"featured_media":100947,"comment_status":"","ping_status":"","sticky":false,"template":"","format":"standard","meta":{"footnotes":""},"categories":[69],"tags":[113,112,34,31,33,32,30],"class_list":{"0":"post-100946","1":"post","2":"type-post","3":"status-publish","4":"format-standard","5":"has-post-thumbnail","7":"category-halsa","8":"tag-halsa","9":"tag-health","10":"tag-se","11":"tag-svenska","12":"tag-sverige","13":"tag-sweden","14":"tag-swedish"},"share_on_mastodon":{"url":"https:\/\/pubeurope.com\/@se\/115689082281734387","error":""},"_links":{"self":[{"href":"https:\/\/www.europesays.com\/se\/wp-json\/wp\/v2\/posts\/100946","targetHints":{"allow":["GET"]}}],"collection":[{"href":"https:\/\/www.europesays.com\/se\/wp-json\/wp\/v2\/posts"}],"about":[{"href":"https:\/\/www.europesays.com\/se\/wp-json\/wp\/v2\/types\/post"}],"author":[{"embeddable":true,"href":"https:\/\/www.europesays.com\/se\/wp-json\/wp\/v2\/users\/2"}],"replies":[{"embeddable":true,"href":"https:\/\/www.europesays.com\/se\/wp-json\/wp\/v2\/comments?post=100946"}],"version-history":[{"count":0,"href":"https:\/\/www.europesays.com\/se\/wp-json\/wp\/v2\/posts\/100946\/revisions"}],"wp:featuredmedia":[{"embeddable":true,"href":"https:\/\/www.europesays.com\/se\/wp-json\/wp\/v2\/media\/100947"}],"wp:attachment":[{"href":"https:\/\/www.europesays.com\/se\/wp-json\/wp\/v2\/media?parent=100946"}],"wp:term":[{"taxonomy":"category","embeddable":true,"href":"https:\/\/www.europesays.com\/se\/wp-json\/wp\/v2\/categories?post=100946"},{"taxonomy":"post_tag","embeddable":true,"href":"https:\/\/www.europesays.com\/se\/wp-json\/wp\/v2\/tags?post=100946"}],"curies":[{"name":"wp","href":"https:\/\/api.w.org\/{rel}","templated":true}]}}