{"id":101041,"date":"2025-12-09T12:14:09","date_gmt":"2025-12-09T12:14:09","guid":{"rendered":"https:\/\/www.europesays.com\/se\/101041\/"},"modified":"2025-12-09T12:14:09","modified_gmt":"2025-12-09T12:14:09","slug":"krisdraget-for-os-hallen-varningen-till-stjarnorna-tre-kronor","status":"publish","type":"post","link":"https:\/\/www.europesays.com\/se\/101041\/","title":{"rendered":"Krisdraget f\u00f6r OS-hallen \u2013 varningen till stj\u00e4rnorna | Tre Kronor"},"content":{"rendered":"<p>NHL skickar en specialgrupp till Milano f\u00f6r att f\u00e5 ordning p\u00e5 den krisande ishallen inf\u00f6r vinterns OS \u2013 och hotar med att dra sig ur helt om det inte h\u00e5ller m\u00e5ttet.<\/p>\n<p>I Kanada har hockeystaben varnat spelarna f\u00f6r f\u00f6rh\u00e5llandena som kommer r\u00e5da i Milano.<\/p>\n<p>\u2013 Jag vet inte riktigt vad man ska tycka och t\u00e4nka, men hoppas att det blir klart f\u00f6rst och fr\u00e4mst, s\u00e4ger Tre Kronor-stj\u00e4rnan Gabriel Landeskog.<\/p>\n<p><img loading=\"lazy\"   alt=\"\"\/><\/p>\n<p>\u201dDet g\u00e4ller att g\u00f6ra det b\u00e4sta av situationen\u201d, s\u00e4ger Gabriel Landeskog<\/p>\n<p>Foto: Johan Eriksson<\/p>\n<p>\u00d6ppna bild i helsk\u00e4rm<img loading=\"lazy\"   alt=\"\"\/><\/p>\n<p>I vintras hade man bara f\u00e5tt upp stommen p\u00e5 Santagiulia arena i Milano. Och det \u00e4r fortfarande l\u00e5ngt kvar.<\/p>\n<p>Foto: LUCA BRUNO \/ AP TT NYHETSBYR\u00c5N<\/p>\n<p>\u00d6ppna bild i helsk\u00e4rm<img loading=\"lazy\"   alt=\"\"\/><\/p>\n<p>Lucas Raymond under VM i v\u00e5ras.<\/p>\n<p>Foto: MAXIM THORE \/ BILDBYR\u00c5N<\/p>\n<p>\u00d6ppna bild i helsk\u00e4rm<\/p>\n<p>Det heter ju att Rom inte byggdes p\u00e5 en dag. Det gjorde sannerligen inte den italienska OS-hallen Milano Santagiulia Arena heller.\u00a0<\/p>\n<p>Inte ens i n\u00e4rheten.\u00a0<\/p>\n<p>Under h\u00f6sten har de orov\u00e4ckande rapporterna avl\u00f6st varandra om hur bygget dragit ut p\u00e5 tiden \u2013 och under m\u00e5ndagen bekr\u00e4ftades det som det surrats om ett tag: <a href=\"https:\/\/www.expressen.se\/sport\/hockey\/bekraftat-os-rinken-blir-mindre-nhl-standard\/\" rel=\"nofollow noopener\" target=\"_blank\">isytan blir kortare<\/a> \u00e4n NHL-m\u00e5tten.<\/p>\n<p>NHL: \u201dD\u00e5 kommer vi inte spela\u201d<\/p>\n<p>Under natten mot tisdag kom nya uppgifter fr\u00e5n NHL, efter att vicebossen Bill Daly tr\u00e4ffat medier.<\/p>\n<p>\u2013 Om spelarna k\u00e4nner att isen inte \u00e4r s\u00e4ker att spela p\u00e5, d\u00e5 kommer vi inte spela. S\u00e5 enkelt \u00e4r det, s\u00e4ger Daly <a href=\"https:\/\/www.espn.com\/nhl\/story\/_\/id\/47251828\/bill-daly-olympic-ice-unsafe-nhl-players-take-part\" rel=\"nofollow noopener\" target=\"_blank\">enligt ESPN<\/a>.\u00a0<\/p>\n<p>Bygget ska vara klart den 2 februari, bara dagar innan damhockeyturneringen b\u00f6rjar. F\u00f6r NHL-ledningen \u00e4r det inte storleken p\u00e5 isytan som \u00e4r det stora orosmolnet, utan hur bra kvalitet man lyckas f\u00e5 p\u00e5 isen. Den ska h\u00e5lla f\u00f6r tre matcher om dagen \u2013 och inte \u00f6ka skaderisken f\u00f6r spelarna.\u00a0<\/p>\n<p>NHL ska ha l\u00f6pande tillg\u00e5ng till isen medan resten byggs klart, och man har ett test inplanerat d\u00e4r om en m\u00e5nad. OS-arrang\u00f6rerna anv\u00e4nder sig nu av NHL:s \u201disexperter och tekniker\u201d, enligt Daly.\u00a0<\/p>\n<p>\u2013 Vi skickar i princip \u00f6ver alla dit f\u00f6r att hj\u00e4lpa till f\u00f6r att f\u00e5 det h\u00e4r p\u00e5 en niv\u00e5 som \u00e4r acceptabel f\u00f6r NHL-spelare. Och jag \u00e4r f\u00f6rsiktigt optimistisk att det kommer vara fruktsamt, s\u00e4ger Daly.\u00a0<\/p>\n<p>Landeskog om kaoset: \u201dHoppas det blir klart\u201d<\/p>\n<p><a href=\"https:\/\/www.expressen.se\/tagg\/person\/gabriel-landeskog\/\" class=\"\" rel=\"nofollow noopener\" target=\"_blank\">Gabriel Landeskog<\/a>, 33, \u00e4r en av de sex svenskar som Sam Hallam plockade ut f\u00f6rst till den svenska OS-truppen. Han har, som alla andra, f\u00f6ljt de italienska bygguppdateringarna.\u00a0<\/p>\n<p>\u2013 Jag hoppas att det blir klart, f\u00f6rst och fr\u00e4mst. Sen att den blir lite kortare det tror jag inte p\u00e5verkar alltf\u00f6r mycket. Det blir mest i mittzon man tappar lite yta, men jag hoppas bara att den blir klar i tid. S\u00e5 vi f\u00e5r se, s\u00e4ger Colorados svenska kapten.<\/p>\n<p>Varningen inf\u00f6r OS: \u201dKommer inte vara r\u00e4tt\u201d<\/p>\n<p>Det \u00e4r inte bara rinken i sig som bjuder p\u00e5 utmaningar.<\/p>\n<p>NHL-spelarna \u00e4r vana med de mest v\u00e4luppstyrda arrangemangen man kan t\u00e4nka sig \u2013 lyxhotell, minuti\u00f6st f\u00f6rberedd mat och dryck, perfekta tr\u00e4ningsanl\u00e4ggningar.<\/p>\n<p>Annons<\/p>\n<p>Men i Italien f\u00e5r de anpassa sig till en annan verklighet, med OS-by och transporter genom ett Milano som l\u00e4r vara mer igenkorkat \u00e4n vanligt p\u00e5 grund av de olympiska spelen och dess g\u00e4ster. Den of\u00e4rdiga huvudarenan ligger n\u00e4ra OS-byn, men den andra hockeyhallen ligger tv\u00e4rs \u00f6ver stan \u2013 \u201d45 minuters resa p\u00e5 en bra dag\u201d \u2013 och skulle inneb\u00e4ra ett antal timmar i buss om man ska dit och v\u00e4rma p\u00e5 f\u00f6rmiddagen och sen tillbaka p\u00e5 kv\u00e4llen f\u00f6r match.\u00a0<\/p>\n<p>I Kanadas OS-f\u00f6rberedelser har man g\u00e5tt ut och varnat sina spelare.\u00a0<\/p>\n<p>\u2013 N\u00e4r man kommer till Italien \u2013 du kan du lita p\u00e5 att allt inte kommer vara perfekt. Allt kommer inte vara r\u00e4tt, sa Jennifer Heil, chef f\u00f6r OS-staben, under ett m\u00f6te med tre dussin inf\u00f6r s\u00e4songen, har <a href=\"https:\/\/www.nytimes.com\/athletic\/6673842\/2025\/10\/15\/hockey-canada-olympic-village-warning\/\" rel=\"nofollow noopener\" target=\"_blank\">The Athletic <\/a>skrivit.<\/p>\n<p>Halvt p\u00e5 sk\u00e4mt, halvt p\u00e5 allvar uppmanades kanadensarna att hugga om \u201dde ser n\u00e5n \u00f6vergiven banan\u201d och se till att de har bunkrat upp med snacks inf\u00f6r vistelsen i OS-bubblan.\u00a0<\/p>\n<p>Landeskog: \u201dInga urs\u00e4kter som g\u00e4ller\u201d<\/p>\n<p>Landeskog, med OS-meriter fr\u00e5n Sotji 2014, vill inte g\u00f6ra alltf\u00f6r stor aff\u00e4r av att uppladdningen kommer st\u00f6ras.\u00a0<\/p>\n<p>\u2013 Det \u00e4r klart att det \u00e4r lite annorlunda men det \u00e4r en justering man f\u00e5r g\u00f6ra. Men \u00e5 andra s\u00e5 \u00e4r man r\u00e4tt van vid logistik runt VM-turneringar. Och n\u00e4r man var yngre och \u00e5kte runt och spelade olika turneringar s\u00e5 var det liksom att man bara tog det som det kommer egentligen. Jag tror det blir lite samma sak.\u00a0<\/p>\n<p>Jagar man OS-guld f\u00e5r man bita ihop, helt enkelt.\u00a0<\/p>\n<p>\u2013 F\u00f6r v\u00e5r del s\u00e5 \u00e4r det inga urs\u00e4kter som g\u00e4ller. Det \u00e4r bara att ta det med en klackspark och f\u00f6rs\u00f6ka g\u00f6ra det b\u00e4sta av situationen. Vi \u00e4r ju d\u00e4r av en anledning, s\u00e4ger Landeskog.<\/p>\n<p>Lucas Raymond om OS: \u201dEn annan budget\u201d<\/p>\n<p>Lucas Raymond, 23, i Detroit \u00e4r ocks\u00e5 en av de tidigt uttagna svenskarna. Han \u00e4r f\u00f6rberedd p\u00e5 att det \u00e4r en annan niv\u00e5 som g\u00e4ller i Italien \u00e4n till vardags.<\/p>\n<p>\u2013 I NHL \u00e4r det en v\u00e4ldigt h\u00f6g standard p\u00e5 resor, hotell, mat och vad det nu \u00e4r. Det \u00e4r sj\u00e4lvklart ocks\u00e5 en annan budget. Men jag menar, det \u00e4r vad det \u00e4r. N\u00e4r man v\u00e4xer upp och spelar i Sverige \u00e4r det buss \u00f6verallt och s\u00e5 vidare. S\u00e5 jag tror inte det kommer vara n\u00e5got problem. Det \u00e4r en del av det, s\u00e4ger Raymond.\u00a0<\/p>\n<p>\u2013 Att bo i OS-byn och att f\u00e5 uppleva det \u00e4r en del av det, det ser m\u00e5nga ser fram emot, \u00e4ven n\u00e4r pratar med killar som varit med och spelat. S\u00e5 det \u00e4r n\u00e5gonting som man sj\u00e4lv vill f\u00e5 vara med om, s\u00e4ger han.\u00a0<\/p>\n","protected":false},"excerpt":{"rendered":"NHL skickar en specialgrupp till Milano f\u00f6r att f\u00e5 ordning p\u00e5 den krisande ishallen inf\u00f6r vinterns OS \u2013&hellip;\n","protected":false},"author":2,"featured_media":101042,"comment_status":"","ping_status":"","sticky":false,"template":"","format":"standard","meta":{"footnotes":""},"categories":[68],"tags":[421,1176,4986,6093,34,255,4674,111,110,31,33,32,30],"class_list":{"0":"post-101041","1":"post","2":"type-post","3":"status-publish","4":"format-standard","5":"has-post-thumbnail","7":"category-sport","8":"tag-organization-nhl","9":"tag-organization-os","10":"tag-person-gabriel-landeskog","11":"tag-person-lucas-raymond","12":"tag-se","13":"tag-sections-ishockey","14":"tag-sections-trekronor","15":"tag-sport","16":"tag-sports","17":"tag-svenska","18":"tag-sverige","19":"tag-sweden","20":"tag-swedish"},"share_on_mastodon":{"url":"https:\/\/pubeurope.com\/@se\/115689558138197365","error":""},"_links":{"self":[{"href":"https:\/\/www.europesays.com\/se\/wp-json\/wp\/v2\/posts\/101041","targetHints":{"allow":["GET"]}}],"collection":[{"href":"https:\/\/www.europesays.com\/se\/wp-json\/wp\/v2\/posts"}],"about":[{"href":"https:\/\/www.europesays.com\/se\/wp-json\/wp\/v2\/types\/post"}],"author":[{"embeddable":true,"href":"https:\/\/www.europesays.com\/se\/wp-json\/wp\/v2\/users\/2"}],"replies":[{"embeddable":true,"href":"https:\/\/www.europesays.com\/se\/wp-json\/wp\/v2\/comments?post=101041"}],"version-history":[{"count":0,"href":"https:\/\/www.europesays.com\/se\/wp-json\/wp\/v2\/posts\/101041\/revisions"}],"wp:featuredmedia":[{"embeddable":true,"href":"https:\/\/www.europesays.com\/se\/wp-json\/wp\/v2\/media\/101042"}],"wp:attachment":[{"href":"https:\/\/www.europesays.com\/se\/wp-json\/wp\/v2\/media?parent=101041"}],"wp:term":[{"taxonomy":"category","embeddable":true,"href":"https:\/\/www.europesays.com\/se\/wp-json\/wp\/v2\/categories?post=101041"},{"taxonomy":"post_tag","embeddable":true,"href":"https:\/\/www.europesays.com\/se\/wp-json\/wp\/v2\/tags?post=101041"}],"curies":[{"name":"wp","href":"https:\/\/api.w.org\/{rel}","templated":true}]}}