{"id":101043,"date":"2025-12-09T12:16:08","date_gmt":"2025-12-09T12:16:08","guid":{"rendered":"https:\/\/www.europesays.com\/se\/101043\/"},"modified":"2025-12-09T12:16:08","modified_gmt":"2025-12-09T12:16:08","slug":"nu-kan-du-anvanda-claude-code-direkt-i-slack-chatten","status":"publish","type":"post","link":"https:\/\/www.europesays.com\/se\/101043\/","title":{"rendered":"Nu kan du anv\u00e4nda Claude Code direkt i Slack-chatten"},"content":{"rendered":"<p>Anthropic har sl\u00e4ppt en betaversion av Claude Code f\u00f6r Slack, n\u00e5got som \u00e4r glada nyheter f\u00f6r utvecklare som vill ha hj\u00e4lp med programmeringen.<\/p>\n<p>Claude Code kan till exempel hitta buggar i koden och analysera de senaste meddelandena f\u00f6r att avg\u00f6ra vilken repo som \u00e4r den r\u00e4tta.<\/p>\n<p>F\u00f6r att starta det popul\u00e4ra kodverktyget beh\u00f6ver anv\u00e4ndarna bara skriva in taggen @Claude direkt i chatten.<\/p>\n","protected":false},"excerpt":{"rendered":"Anthropic har sl\u00e4ppt en betaversion av Claude Code f\u00f6r Slack, n\u00e5got som \u00e4r glada nyheter f\u00f6r utvecklare som&hellip;\n","protected":false},"author":2,"featured_media":101044,"comment_status":"","ping_status":"","sticky":false,"template":"","format":"standard","meta":{"footnotes":""},"categories":[66],"tags":[80,78,79,34,31,33,32,30,81,84,83,82],"class_list":{"0":"post-101043","1":"post","2":"type-post","3":"status-publish","4":"format-standard","5":"has-post-thumbnail","7":"category-vetenskap-och-teknik","8":"tag-science","9":"tag-science-and-technology","10":"tag-scienceandtechnology","11":"tag-se","12":"tag-svenska","13":"tag-sverige","14":"tag-sweden","15":"tag-swedish","16":"tag-technology","17":"tag-teknik","18":"tag-vetenskap","19":"tag-vetenskapteknik"},"share_on_mastodon":{"url":"https:\/\/pubeurope.com\/@se\/115689566006216421","error":""},"_links":{"self":[{"href":"https:\/\/www.europesays.com\/se\/wp-json\/wp\/v2\/posts\/101043","targetHints":{"allow":["GET"]}}],"collection":[{"href":"https:\/\/www.europesays.com\/se\/wp-json\/wp\/v2\/posts"}],"about":[{"href":"https:\/\/www.europesays.com\/se\/wp-json\/wp\/v2\/types\/post"}],"author":[{"embeddable":true,"href":"https:\/\/www.europesays.com\/se\/wp-json\/wp\/v2\/users\/2"}],"replies":[{"embeddable":true,"href":"https:\/\/www.europesays.com\/se\/wp-json\/wp\/v2\/comments?post=101043"}],"version-history":[{"count":0,"href":"https:\/\/www.europesays.com\/se\/wp-json\/wp\/v2\/posts\/101043\/revisions"}],"wp:featuredmedia":[{"embeddable":true,"href":"https:\/\/www.europesays.com\/se\/wp-json\/wp\/v2\/media\/101044"}],"wp:attachment":[{"href":"https:\/\/www.europesays.com\/se\/wp-json\/wp\/v2\/media?parent=101043"}],"wp:term":[{"taxonomy":"category","embeddable":true,"href":"https:\/\/www.europesays.com\/se\/wp-json\/wp\/v2\/categories?post=101043"},{"taxonomy":"post_tag","embeddable":true,"href":"https:\/\/www.europesays.com\/se\/wp-json\/wp\/v2\/tags?post=101043"}],"curies":[{"name":"wp","href":"https:\/\/api.w.org\/{rel}","templated":true}]}}