{"id":101096,"date":"2025-12-09T13:17:12","date_gmt":"2025-12-09T13:17:12","guid":{"rendered":"https:\/\/www.europesays.com\/se\/101096\/"},"modified":"2025-12-09T13:17:12","modified_gmt":"2025-12-09T13:17:12","slug":"18-ars-fangelse-for-mord-och-vald-mot-tjansteman-sveriges-domstolar","status":"publish","type":"post","link":"https:\/\/www.europesays.com\/se\/101096\/","title":{"rendered":"18 \u00e5rs f\u00e4ngelse f\u00f6r mord och v\u00e5ld mot tj\u00e4nsteman &#8211; Sveriges Domstolar"},"content":{"rendered":"<ol>\n<li><a href=\"https:\/\/news.google.com\/rss\/articles\/CBMiXEFVX3lxTE5DSGFLaTYzTXhBY3J5al9WeHVPVUtfbnB3QmM4RlhvMzhhcGhKQndJU3BiYmtYX19QemRSb0VtRTJVRHNfWnduUV8zM3kwc2JsbDUtSm01Z3dmd0FU?oc=5\" target=\"_blank\" rel=\"nofollow noopener\">18 \u00e5rs f\u00e4ngelse f\u00f6r mord och v\u00e5ld mot tj\u00e4nsteman<\/a>&nbsp;&nbsp;Sveriges Domstolar<\/li>\n<li><a href=\"https:\/\/news.google.com\/rss\/articles\/CBMiiAFBVV95cUxPWUZMcXVIcW9jaDZWa09BRURHbVBVNWh5V1hxdkc0eHl0bG9tVnZfYjJqUlV6THpnd2dQLTUtMC1JLWN0eGV0RkVzSUdpUTI0Z09OMU1MV1liY3NxTWE5MjF1NU5TVngtbER2N3RDZk9qVGZadjdnWERvLWNsRmxOUDZ0aDNJS3NT?oc=5\" target=\"_blank\" rel=\"nofollow noopener\">26-\u00e5rig man d\u00f6ms f\u00f6r mordet p\u00e5 Helena<\/a>&nbsp;&nbsp;Aftonbladet<\/li>\n<li><a href=\"https:\/\/news.google.com\/rss\/articles\/CBMijgFBVV95cUxPRFZfbWVYdzM3a1A4Z2ZmS3JxczBkOXVMc3FjLUN5NnBOaDFneFVmVU1LMWJJZWRhNzVBdFNMUEJvWENmWjh1VmJKUmVRWms2SEZDYjR6Z2lxanZXVEJUeHdJX2xxa0ZoYmtsdk5Ld0Q4NGJpLU5mSjc5Z2Qxa1ZQQnlOcnk5UDBpU3FhMkNB?oc=5\" target=\"_blank\" rel=\"nofollow noopener\">I dag meddelas domen f\u00f6r Ambulansd\u00e5det \u2013 det h\u00e4r har h\u00e4nt<\/a>&nbsp;&nbsp;Hudiksvalls Tidning<\/li>\n<li><a href=\"https:\/\/news.google.com\/rss\/articles\/CBMid0FVX3lxTFBWUnpCdmg2OFczT0xuQkktcVYzTENTVEllQXpYNjdkckJsd1FnNjNHSU5pOTRlelNLUFBBWUxxT2tnUFZrVXd3N3dQbFVLQUF2dnhaOGMySnNzTEdYRVlETjQ2VlNDOUVCbDl5akZBTzNBYzRVQTF3?oc=5\" target=\"_blank\" rel=\"nofollow noopener\">18 \u00e5rs f\u00e4ngelse f\u00f6r ambulansd\u00e5det<\/a>&nbsp;&nbsp;V\u00e4sterbottens-Kuriren<\/li>\n<li><a href=\"https:\/\/news.google.com\/rss\/articles\/CBMikgFBVV95cUxPQU9UYUU1VzhwRVJHbElzN0wtQVNMUDVCM3cydkxEMU52Q1BkWnExbENVNG1vMkFtVktDN3ZZcFBkUk83RUg2VndfREkzYmdVSWhrUjc2bmtPeE1ldjlRS2NEbm56dFc5b3otOWlsY2VEUGZZVW1tQ0R2bURJVHVwT2F4LUdZdFBQN1RMVFpNZlNaZw?oc=5\" target=\"_blank\" rel=\"nofollow noopener\">Liam Hast, 26, d\u00f6ms f\u00f6r ambulansmordet i Harm\u00e5nger<\/a>&nbsp;&nbsp;TV4 Nyheterna<\/li>\n<\/ol>\n","protected":false},"excerpt":{"rendered":"18 \u00e5rs f\u00e4ngelse f\u00f6r mord och v\u00e5ld mot tj\u00e4nsteman&nbsp;&nbsp;Sveriges Domstolar 26-\u00e5rig man d\u00f6ms f\u00f6r mordet p\u00e5 Helena&nbsp;&nbsp;Aftonbladet I&hellip;\n","protected":false},"author":2,"featured_media":101097,"comment_status":"","ping_status":"","sticky":false,"template":"","format":"standard","meta":{"footnotes":""},"categories":[5],"tags":[22,23,26,27,17,21,24,25,28,29,15,16,18,34,31,33,32,30,19,20],"class_list":{"0":"post-101096","1":"post","2":"type-post","3":"status-publish","4":"format-standard","5":"has-post-thumbnail","7":"category-rubriker","8":"tag-breaking-news","9":"tag-breakingnews","10":"tag-featured-news","11":"tag-featurednews","12":"tag-headlines","13":"tag-huvudnyheter","14":"tag-latest-news","15":"tag-latestnews","16":"tag-main-news","17":"tag-mainnews","18":"tag-news","19":"tag-nyheter","20":"tag-rubriker","21":"tag-se","22":"tag-svenska","23":"tag-sverige","24":"tag-sweden","25":"tag-swedish","26":"tag-top-stories","27":"tag-topstories"},"share_on_mastodon":{"url":"https:\/\/pubeurope.com\/@se\/115689805745165670","error":""},"_links":{"self":[{"href":"https:\/\/www.europesays.com\/se\/wp-json\/wp\/v2\/posts\/101096","targetHints":{"allow":["GET"]}}],"collection":[{"href":"https:\/\/www.europesays.com\/se\/wp-json\/wp\/v2\/posts"}],"about":[{"href":"https:\/\/www.europesays.com\/se\/wp-json\/wp\/v2\/types\/post"}],"author":[{"embeddable":true,"href":"https:\/\/www.europesays.com\/se\/wp-json\/wp\/v2\/users\/2"}],"replies":[{"embeddable":true,"href":"https:\/\/www.europesays.com\/se\/wp-json\/wp\/v2\/comments?post=101096"}],"version-history":[{"count":0,"href":"https:\/\/www.europesays.com\/se\/wp-json\/wp\/v2\/posts\/101096\/revisions"}],"wp:featuredmedia":[{"embeddable":true,"href":"https:\/\/www.europesays.com\/se\/wp-json\/wp\/v2\/media\/101097"}],"wp:attachment":[{"href":"https:\/\/www.europesays.com\/se\/wp-json\/wp\/v2\/media?parent=101096"}],"wp:term":[{"taxonomy":"category","embeddable":true,"href":"https:\/\/www.europesays.com\/se\/wp-json\/wp\/v2\/categories?post=101096"},{"taxonomy":"post_tag","embeddable":true,"href":"https:\/\/www.europesays.com\/se\/wp-json\/wp\/v2\/tags?post=101096"}],"curies":[{"name":"wp","href":"https:\/\/api.w.org\/{rel}","templated":true}]}}