{"id":101122,"date":"2025-12-09T13:49:07","date_gmt":"2025-12-09T13:49:07","guid":{"rendered":"https:\/\/www.europesays.com\/se\/101122\/"},"modified":"2025-12-09T13:49:07","modified_gmt":"2025-12-09T13:49:07","slug":"ett-dokument-och-lite-harliga-bilder-fran-koket-dodar-inte-regeringsfragan","status":"publish","type":"post","link":"https:\/\/www.europesays.com\/se\/101122\/","title":{"rendered":"Ett dokument och lite h\u00e4rliga bilder fr\u00e5n k\u00f6ket d\u00f6dar inte regeringsfr\u00e5gan"},"content":{"rendered":"<p>Det brukar s\u00e4gas att tidiga 2000-talet \u00e4r \u201dlite inne\u201d just nu. Frisyrerna ser ut som d\u00e5. Denim p\u00e5 denim \u00e4r \u00e5terigen socialt accepterat. De radiov\u00e4nliga eurodiscoprofilerna Da Buzz spelade p\u00e5 Musikhj\u00e4lpen och Lars Calmfors pratar om euron igen.<\/p>\n<p>\u2013\u00a0Nu blickar vi fram\u00e5t fr\u00e5n n\u00e4sta mandatperiod! sa Kristersson glatt.<\/p>\n<p>Jimmie \u00c5kesson hade p\u00e5 sig en jultr\u00f6ja med sitt eget ansikte p\u00e5. Nu stod han sida vid sida med Simona Mohamsson, Ebba Busch och Ulf Kristersson utanf\u00f6r statsministerns hus.<\/p>\n<p>Ur det perspektivet \u00e4r det inte det minsta m\u00e4rkligt att Ulf Kristersson f\u00f6rs\u00f6ker \u00e5terupprepa Maud Olofssons och G\u00f6ran H\u00e4gglunds tidigare succ\u00e9er: att bjuda hem b\u00e5de partiledare och Sveriges samlade pressk\u00e5r till hemmet f\u00f6r att sl\u00e5 fast riktningen inf\u00f6r n\u00e4sta mandatperiod.<\/p>\n<p>D\u00e5 slutade det med mytologiserade bad i badtunnor och lumparhistorier fr\u00e5n politiska r\u00e4var som trampade s\u00f6nder G\u00f6ran H\u00e4gglunds gr\u00e4smatta. Den h\u00e4r g\u00e5ngen fick reportrarna stanna p\u00e5 parkeringen.<\/p>\n<p>\u00d6verens om vad, men inte hur<\/p>\n<p>Sakpolitiskt var det mycket av samma som tidigare.\u00a0<\/p>\n<p>Att partierna ska samarbeta \u00e4ven n\u00e4sta val \u00e4r man \u00f6verens om, men hur man ska samarbeta \u00e4r fortfarande oklart.<\/p>\n<p>Meningsskiljaktigheterna i regeringsfr\u00e5gan \u00e4r redan v\u00e4l omskrivna.<\/p>\n<p>\u2013 Vi \u00e4r \u00f6verens om att vi vill forts\u00e4tta arbeta. Vi \u00e4r \u00f6verens om f\u00e4rdriktningen och har ocks\u00e5 kommit \u00f6verens om det i ett dokument, men vi \u00e4r inte \u00f6verens om formerna, sa statsministern men ville \u00e4nd\u00e5 understryka att han var \u00f6vertygad om att man skulle kunna l\u00f6sa det i samband med valet.<\/p>\n<p>\u2013\u00a0Vi visar varje dag att vi lyckas samarbeta, s\u00e4ger partiledaren f\u00f6r Liberalerna som nyligen beslutat sig f\u00f6r att inte sl\u00e4ppa in SD i regeringen.<\/p>\n<p>Ett dokument, men sen d\u00e5?<\/p>\n<p>N\u00e4r kamerorna packats ihop och reportrarna \u00e5ker hem st\u00e5r Tid\u00f6partiernas partiledare kvar <a href=\"https:\/\/moderaterna.se\/nyhet\/strangnas-den-9-december-2025\/\" target=\"_blank\" rel=\"noopener nofollow\">med ett dokument<\/a> d\u00e4r man tillsammans pekar ut sina prioritetsomr\u00e5den de kommande fyra \u00e5ren. F\u00f6rsvaret ska st\u00e4rkas, tillv\u00e4xten ska \u00f6ka, migrationen ska vara l\u00e5g och k\u00e4rnkraft ska byggas. V\u00e5rden ska fungera, brottsligheten ska st\u00e4vjas och skolan ska bli b\u00e4ttre.<\/p>\n<p>Men vem som ska g\u00f6ra vad, det vet vi fortfarande inte. F\u00f6rst ska ett val genomf\u00f6ras, sen ska alla partier klara sp\u00e4rren samtidigt som Tid\u00f6partierna sl\u00e5r oppositionen. Om partiet varken kommer \u00f6verens eller f\u00e5r majoritet s\u00e5 spelar ett dokument signerat i Str\u00e4ngn\u00e4s ingen som helst roll f\u00f6r framtiden.<\/p>\n<p>Partierna kommer f\u00e5 forts\u00e4tta svara p\u00e5 regeringsfr\u00e5gan hela v\u00e4gen in till valnatten, vare sig Ulf Kristersson vill det eller inte.<\/p>\n<p>N\u00e5gra glada bilder fr\u00e5n Ulf Kristerssons k\u00f6k kommer inte r\u00e4cka f\u00f6r att tysta den debatten.<\/p>\n","protected":false},"excerpt":{"rendered":"Det brukar s\u00e4gas att tidiga 2000-talet \u00e4r \u201dlite inne\u201d just nu. Frisyrerna ser ut som d\u00e5. Denim p\u00e5&hellip;\n","protected":false},"author":2,"featured_media":101123,"comment_status":"","ping_status":"","sticky":false,"template":"","format":"standard","meta":{"footnotes":""},"categories":[5],"tags":[22,23,26,27,17,21,24,25,28,29,15,16,18,34,31,33,32,30,19,20],"class_list":{"0":"post-101122","1":"post","2":"type-post","3":"status-publish","4":"format-standard","5":"has-post-thumbnail","7":"category-rubriker","8":"tag-breaking-news","9":"tag-breakingnews","10":"tag-featured-news","11":"tag-featurednews","12":"tag-headlines","13":"tag-huvudnyheter","14":"tag-latest-news","15":"tag-latestnews","16":"tag-main-news","17":"tag-mainnews","18":"tag-news","19":"tag-nyheter","20":"tag-rubriker","21":"tag-se","22":"tag-svenska","23":"tag-sverige","24":"tag-sweden","25":"tag-swedish","26":"tag-top-stories","27":"tag-topstories"},"share_on_mastodon":{"url":"https:\/\/pubeurope.com\/@se\/115689931614688393","error":""},"_links":{"self":[{"href":"https:\/\/www.europesays.com\/se\/wp-json\/wp\/v2\/posts\/101122","targetHints":{"allow":["GET"]}}],"collection":[{"href":"https:\/\/www.europesays.com\/se\/wp-json\/wp\/v2\/posts"}],"about":[{"href":"https:\/\/www.europesays.com\/se\/wp-json\/wp\/v2\/types\/post"}],"author":[{"embeddable":true,"href":"https:\/\/www.europesays.com\/se\/wp-json\/wp\/v2\/users\/2"}],"replies":[{"embeddable":true,"href":"https:\/\/www.europesays.com\/se\/wp-json\/wp\/v2\/comments?post=101122"}],"version-history":[{"count":0,"href":"https:\/\/www.europesays.com\/se\/wp-json\/wp\/v2\/posts\/101122\/revisions"}],"wp:featuredmedia":[{"embeddable":true,"href":"https:\/\/www.europesays.com\/se\/wp-json\/wp\/v2\/media\/101123"}],"wp:attachment":[{"href":"https:\/\/www.europesays.com\/se\/wp-json\/wp\/v2\/media?parent=101122"}],"wp:term":[{"taxonomy":"category","embeddable":true,"href":"https:\/\/www.europesays.com\/se\/wp-json\/wp\/v2\/categories?post=101122"},{"taxonomy":"post_tag","embeddable":true,"href":"https:\/\/www.europesays.com\/se\/wp-json\/wp\/v2\/tags?post=101122"}],"curies":[{"name":"wp","href":"https:\/\/api.w.org\/{rel}","templated":true}]}}