{"id":101187,"date":"2025-12-09T15:19:21","date_gmt":"2025-12-09T15:19:21","guid":{"rendered":"https:\/\/www.europesays.com\/se\/101187\/"},"modified":"2025-12-09T15:19:21","modified_gmt":"2025-12-09T15:19:21","slug":"flera-misstankta-men-oredligt-forfarande-utreds-inte","status":"publish","type":"post","link":"https:\/\/www.europesays.com\/se\/101187\/","title":{"rendered":"FLERA MISST\u00c4NKTA, MEN OREDLIGT F\u00d6RFARANDE UTREDS INTE"},"content":{"rendered":"<p class=\"font-sans text-base text-text-main dark:text-text-main-dark font-normal leading-[1.4]\">STOCKHOLM (Nyhetsbyr\u00e5n Direkt) F\u00f6runders\u00f6kningen g\u00e4llande misst\u00e4nkta grova brott inom bolaget Intellego forts\u00e4tter och i nul\u00e4get \u00e4r flera personer delgivna misstanke om brott.<\/p>\n<p class=\"font-sans text-base text-text-main dark:text-text-main-dark font-normal leading-[1.4]\">Det skriver Ekobrottsmyndigheten i ett pressmeddelande.<\/p>\n<p class=\"font-sans text-base text-text-main dark:text-text-main-dark font-normal leading-[1.4]\">\u00c5klagaren uppger dock ocks\u00e5 att han har beslutat att inte inleda f\u00f6runders\u00f6kning utifr\u00e5n aktie\u00e4garnas anm\u00e4lningar om brottet oredligt f\u00f6rfarande.<\/p>\n<p class=\"font-sans text-base text-text-main dark:text-text-main-dark font-normal leading-[1.4]\">&#8221;Den f\u00f6runders\u00f6kning jag bedriver r\u00f6r grovt svindleri, grovt bedr\u00e4geri och grovt bokf\u00f6ringsbrott. Dessa brott kan leda till f\u00e4ngelse i upp till \u00e5tta \u00e5r. Ytterligare brott skulle inte kunna leda till en str\u00e4ngare p\u00e5f\u00f6ljd. Det finns d\u00e5 regler som inneb\u00e4r att en \u00e5klagare vanligtvis inte ska utreda ytterligare brott&#8221;, s\u00e4ger stats\u00e5klagare Thomas Hertz i en kommentar.<\/p>\n<p class=\"font-sans text-base text-text-main dark:text-text-main-dark font-normal leading-[1.4]\">\u00c5klagaren till\u00e4gger att aktie\u00e4gare som bed\u00f6mer att de f\u00f6rlorat pengar kan v\u00e4nta p\u00e5 pr\u00f6vningen som g\u00e4ller grovt svindleri och sedan ta st\u00e4llning till om det finns f\u00f6ruts\u00e4ttningar att kr\u00e4va n\u00e5gon p\u00e5 skadest\u00e5nd.<\/p>\n<p class=\"font-sans text-base text-text-main dark:text-text-main-dark font-normal leading-[1.4]\">Ett eventuellt \u00e5tal i fallet v\u00e4ntas tidigast efter \u00e5rsskiftet, skriver EBM vidare.<\/p>\n<p class=\"font-sans text-base text-text-main dark:text-text-main-dark font-normal leading-[1.4]\">Intellegos aktie \u00e4r b\u00f6rsstoppad sedan den 18 november, n\u00e4r bolagets d\u00e5varande vd Claes Lindahl anh\u00f6lls misst\u00e4nkt f\u00f6r grovt svindleri. Nasdaq har senare meddelat att b\u00f6rsen avser att avnotera aktien.<\/p>\n<p class=\"font-sans text-base text-text-main dark:text-text-main-dark font-normal leading-[1.4]\">B\u00f6rsredaktionen Nyhetsbyr\u00e5n Direkt<\/p>\n<p class=\"font-sans text-base text-text-main dark:text-text-main-dark font-normal leading-[1.4]\">+46 8 5191 7911<\/p>\n<p class=\"font-sans text-base text-text-main dark:text-text-main-dark font-normal leading-[1.4]\">borsdesken.direkt@direkt.se<\/p>\n","protected":false},"excerpt":{"rendered":"STOCKHOLM (Nyhetsbyr\u00e5n Direkt) F\u00f6runders\u00f6kningen g\u00e4llande misst\u00e4nkta grova brott inom bolaget Intellego forts\u00e4tter och i nul\u00e4get \u00e4r flera personer&hellip;\n","protected":false},"author":2,"featured_media":77249,"comment_status":"","ping_status":"","sticky":false,"template":"","format":"standard","meta":{"footnotes":""},"categories":[5],"tags":[22,23,26,27,17,21,24,25,28,29,15,16,18,34,31,33,32,30,19,20],"class_list":{"0":"post-101187","1":"post","2":"type-post","3":"status-publish","4":"format-standard","5":"has-post-thumbnail","7":"category-rubriker","8":"tag-breaking-news","9":"tag-breakingnews","10":"tag-featured-news","11":"tag-featurednews","12":"tag-headlines","13":"tag-huvudnyheter","14":"tag-latest-news","15":"tag-latestnews","16":"tag-main-news","17":"tag-mainnews","18":"tag-news","19":"tag-nyheter","20":"tag-rubriker","21":"tag-se","22":"tag-svenska","23":"tag-sverige","24":"tag-sweden","25":"tag-swedish","26":"tag-top-stories","27":"tag-topstories"},"share_on_mastodon":{"url":"https:\/\/pubeurope.com\/@se\/115690285511233773","error":""},"_links":{"self":[{"href":"https:\/\/www.europesays.com\/se\/wp-json\/wp\/v2\/posts\/101187","targetHints":{"allow":["GET"]}}],"collection":[{"href":"https:\/\/www.europesays.com\/se\/wp-json\/wp\/v2\/posts"}],"about":[{"href":"https:\/\/www.europesays.com\/se\/wp-json\/wp\/v2\/types\/post"}],"author":[{"embeddable":true,"href":"https:\/\/www.europesays.com\/se\/wp-json\/wp\/v2\/users\/2"}],"replies":[{"embeddable":true,"href":"https:\/\/www.europesays.com\/se\/wp-json\/wp\/v2\/comments?post=101187"}],"version-history":[{"count":0,"href":"https:\/\/www.europesays.com\/se\/wp-json\/wp\/v2\/posts\/101187\/revisions"}],"wp:featuredmedia":[{"embeddable":true,"href":"https:\/\/www.europesays.com\/se\/wp-json\/wp\/v2\/media\/77249"}],"wp:attachment":[{"href":"https:\/\/www.europesays.com\/se\/wp-json\/wp\/v2\/media?parent=101187"}],"wp:term":[{"taxonomy":"category","embeddable":true,"href":"https:\/\/www.europesays.com\/se\/wp-json\/wp\/v2\/categories?post=101187"},{"taxonomy":"post_tag","embeddable":true,"href":"https:\/\/www.europesays.com\/se\/wp-json\/wp\/v2\/tags?post=101187"}],"curies":[{"name":"wp","href":"https:\/\/api.w.org\/{rel}","templated":true}]}}