{"id":101193,"date":"2025-12-09T15:28:12","date_gmt":"2025-12-09T15:28:12","guid":{"rendered":"https:\/\/www.europesays.com\/se\/101193\/"},"modified":"2025-12-09T15:28:12","modified_gmt":"2025-12-09T15:28:12","slug":"tva-erc-anslag-for-utmaningar-kring-hjart-karlsjukdom-och-astma","status":"publish","type":"post","link":"https:\/\/www.europesays.com\/se\/101193\/","title":{"rendered":"Tv\u00e5 ERC-anslag f\u00f6r utmaningar kring hj\u00e4rt-k\u00e4rlsjukdom och astma"},"content":{"rendered":"<p>Tv\u00e5 forskare vid Karolinska Institutet f\u00e5r i \u00e5r anslaget, som delas ut av Europeiska forskningsr\u00e5det inom ramen f\u00f6r EU:s program f\u00f6r forskning och innovation. Finansieringen uppg\u00e5r till tv\u00e5 miljoner euro (drygt 20 miljoner kronor) under fem \u00e5r.\u00a0<\/p>\n<p><strong>N\u00e4r fettv\u00e4vnaden p\u00e5verkar hj\u00e4rtat<\/strong>\u00a0<\/p>\n<p>Carolina Hagberg \u00e4r senior forskare och docent i cell- och molekyl\u00e4rbiologi vid Karolinska Institutet. Hennes forskargrupps projekt WATs-UP utforskar vilken roll fettv\u00e4vnaden spelar i utvecklingen av hj\u00e4rt-k\u00e4rlsjukdom vid obesitas. Trots att kopplingen \u00e4r v\u00e4lk\u00e4nd har det varit sv\u00e5rt att reda ut vad som driver den.<\/p>\n<p>\u2013 Vid obesitas uppst\u00e5r insulinresistens, h\u00f6gt blodtryck och f\u00f6rh\u00f6jda blodfetter ofta samtidigt, vilket har gjort det sv\u00e5rt att f\u00f6rst\u00e5 fettv\u00e4vnadens exakta roll, s\u00e4ger <a href=\"https:\/\/ki.se\/personer\/carolina-hagberg\" data-entity-type=\"external\" rel=\"nofollow noopener\" target=\"_blank\">Carolina Hagberg<\/a>, senior forskare vid <a href=\"https:\/\/ki.se\/meds\" data-entity-type=\"external\" rel=\"nofollow noopener\" target=\"_blank\">institutionen f\u00f6r medicin<\/a>, Solna, KI.<\/p>\n<p>F\u00f6r att komma n\u00e4rmare svaret kombinerar gruppen unika musmodeller, en 3D-modell av m\u00e4nsklig fettv\u00e4vnad och fettbiopsier fr\u00e5n patienter med hj\u00e4rt\u2013k\u00e4rlsjuklighet. Genom dessa kan de studera hur fettv\u00e4vnadens upptag av lipider p\u00e5verkar de tidigaste f\u00f6r\u00e4ndringarna\u00a0i k\u00e4rlv\u00e4ggen som sedan leder mot sjukdom.<\/p>\n<p>\u2013 V\u00e5r hypotes \u00e4r att det \u00e4r lipidupptaget till fettv\u00e4vnaden, och inte endast lipidfris\u00e4ttningen, som spelar stor roll, f\u00f6rklarar Carolina Hagberg.<\/p>\n<p>Det \u00e4r ett projekt p\u00e5 grundforskningsniv\u00e5, men med tydlig potential att bana v\u00e4g f\u00f6r framtida behandlingar.<\/p>\n<p>\u2013 Vi vill f\u00f6rst\u00e5 sjukdomsmekanismer och f\u00f6rtydliga vad man skulle kunna \u00e4ndra p\u00e5 f\u00f6r att skydda mot sjuklighet. Men vi hoppas \u00e4ven kunna \u00f6ppna upp en nisch f\u00f6r utveckling av nya typer av l\u00e4kemedel.\u00a0<\/p>\n<p><strong>Sv\u00e5r astma \u2013 och vad som verkligen h\u00e4nder i luftv\u00e4garna\u00a0<\/strong><\/p>\n<p>Jenny Mj\u00f6sberg \u00e4r professor i v\u00e4vnadsimmunologi vid <a href=\"https:\/\/ki.se\/medh\" data-entity-type=\"external\" rel=\"nofollow noopener\" target=\"_blank\">institutionen f\u00f6r medicin<\/a> vid Karolinska Institutet i Huddinge. Hennes forskargrupps projekt TARGET-AIR-LAB handlar om sv\u00e5r astma, som drabbar ungef\u00e4r fem procent av alla astmapatienter och d\u00e4r vanliga behandlingar ofta inte r\u00e4cker till.<\/p>\n<p>\u2013 Vi har fortfarande d\u00e5lig f\u00f6rst\u00e5else kring vad som h\u00e4nder i luftv\u00e4garna vid sv\u00e5r astma, s\u00e4ger <a href=\"https:\/\/ki.se\/personer\/jenny-mjosberg\" data-entity-type=\"external\" rel=\"nofollow noopener\" target=\"_blank\">Jenny Mj\u00f6sberg<\/a>.\u00a0<\/p>\n<p>Forskargruppen anv\u00e4nder sm\u00e5 v\u00e4vnadsprover direkt fr\u00e5n patienters luftv\u00e4gar. Med tekniker de sj\u00e4lva utvecklat kan de sedan analysera mycket sm\u00e5 m\u00e4ngder v\u00e4vnad och \u00e4nd\u00e5 f\u00e5 ut omfattande information. M\u00e5let \u00e4r att f\u00f6rst\u00e5 hur inflammationen ser ut i sv\u00e5r astma och hur den f\u00f6r\u00e4ndras n\u00e4r patienterna f\u00e5r moderna biologiska l\u00e4kemedel.<\/p>\n<p>\u2013 Vi hoppas att vi l\u00e4r oss v\u00e4ldigt mycket om inflammationen och nya s\u00e4tt att angripa den, men hoppas ocks\u00e5 hitta nya s\u00e4tt att f\u00f6rutsp\u00e5 vem som kommer att svara p\u00e5 nya behandlingar, s\u00e4ger Jenny Mj\u00f6sberg.<\/p>\n<p>Ans\u00f6kningsprocessen var omfattande, men givande, ber\u00e4ttar hon. Hon l\u00e4t m\u00e5nga kollegor l\u00e4sa ans\u00f6kan, och Jenny Mj\u00f6sberg intervjutr\u00e4nade ihop med Carolina Hagberg.<\/p>\n<p>\u2013 Det har varit en l\u00e5ng och nervkittlande process.<\/p>\n<p><strong>Blicken fram\u00e5t<\/strong>\u00a0<\/p>\n<p>ERC-anslaget betyder mycket f\u00f6r b\u00e5da forskargrupperna, b\u00e5de som resurs och som erk\u00e4nnande.<\/p>\n<p>Jenny Mj\u00f6sberg ser framf\u00f6r sig att hennes grupp om n\u00e5gra \u00e5r befinner sig betydligt l\u00e4ngre i kartl\u00e4ggningen av sv\u00e5r astma. Hon lyfter att de redan b\u00f6rjar f\u00e5 de f\u00f6rsta resultaten och att de befinner sig p\u00e5 ett omr\u00e5de d\u00e4r mycket \u00e4nnu \u00e4r outforskat, eftersom detaljerade analyser i m\u00e4nniska inte har gjorts tidigare.\u00a0<\/p>\n<p>\u2013 Det h\u00e4r tryggar v\u00e5r position och hj\u00e4lper oss fram\u00f6ver, s\u00e4ger Jenny Mj\u00f6sberg<\/p>\n<p>Carolina Hagberg hoppas att projektet om fem \u00e5r har f\u00f6rdjupat f\u00f6rst\u00e5elsen av hur fettv\u00e4vnaden bidrar till hj\u00e4rt-k\u00e4rlsjuklighet och att arbetet har \u00f6ppnat f\u00f6r nya forskningsfr\u00e5gor. Hon beskriver m\u00f6jligheterna som stora:<\/p>\n<p>\u2013 Vi ser att projektet kommer generera mycket ny kunskap och \u00f6ppna upp f\u00f6r sp\u00e4nnande nya framtida projekt.<\/p>\n","protected":false},"excerpt":{"rendered":"Tv\u00e5 forskare vid Karolinska Institutet f\u00e5r i \u00e5r anslaget, som delas ut av Europeiska forskningsr\u00e5det inom ramen f\u00f6r&hellip;\n","protected":false},"author":2,"featured_media":101194,"comment_status":"","ping_status":"","sticky":false,"template":"","format":"standard","meta":{"footnotes":""},"categories":[69],"tags":[113,112,34,31,33,32,30],"class_list":{"0":"post-101193","1":"post","2":"type-post","3":"status-publish","4":"format-standard","5":"has-post-thumbnail","7":"category-halsa","8":"tag-halsa","9":"tag-health","10":"tag-se","11":"tag-svenska","12":"tag-sverige","13":"tag-sweden","14":"tag-swedish"},"share_on_mastodon":{"url":"https:\/\/pubeurope.com\/@se\/115690320878883850","error":""},"_links":{"self":[{"href":"https:\/\/www.europesays.com\/se\/wp-json\/wp\/v2\/posts\/101193","targetHints":{"allow":["GET"]}}],"collection":[{"href":"https:\/\/www.europesays.com\/se\/wp-json\/wp\/v2\/posts"}],"about":[{"href":"https:\/\/www.europesays.com\/se\/wp-json\/wp\/v2\/types\/post"}],"author":[{"embeddable":true,"href":"https:\/\/www.europesays.com\/se\/wp-json\/wp\/v2\/users\/2"}],"replies":[{"embeddable":true,"href":"https:\/\/www.europesays.com\/se\/wp-json\/wp\/v2\/comments?post=101193"}],"version-history":[{"count":0,"href":"https:\/\/www.europesays.com\/se\/wp-json\/wp\/v2\/posts\/101193\/revisions"}],"wp:featuredmedia":[{"embeddable":true,"href":"https:\/\/www.europesays.com\/se\/wp-json\/wp\/v2\/media\/101194"}],"wp:attachment":[{"href":"https:\/\/www.europesays.com\/se\/wp-json\/wp\/v2\/media?parent=101193"}],"wp:term":[{"taxonomy":"category","embeddable":true,"href":"https:\/\/www.europesays.com\/se\/wp-json\/wp\/v2\/categories?post=101193"},{"taxonomy":"post_tag","embeddable":true,"href":"https:\/\/www.europesays.com\/se\/wp-json\/wp\/v2\/tags?post=101193"}],"curies":[{"name":"wp","href":"https:\/\/api.w.org\/{rel}","templated":true}]}}