{"id":101214,"date":"2025-12-09T15:55:09","date_gmt":"2025-12-09T15:55:09","guid":{"rendered":"https:\/\/www.europesays.com\/se\/101214\/"},"modified":"2025-12-09T15:55:09","modified_gmt":"2025-12-09T15:55:09","slug":"en-ikon-kor-vidare-serien-fyller-50","status":"publish","type":"post","link":"https:\/\/www.europesays.com\/se\/101214\/","title":{"rendered":"En ikon k\u00f6r vidare: Serien fyller 50"},"content":{"rendered":"<p>Sedan debuten 1975 har modellen rullat ut i \u00f6ver tjugo miljoner exemplar och blivit ryggraden i allt fr\u00e5n tyska villaf\u00f6rorter till kinesiska f\u00f6retagsparker. Det \u00e4r premiumklassens arbetsh\u00e4st, yuppiernas favoritcabriolet, f\u00f6retagsbilens kung och biln\u00f6rdarnas eviga projekt.<\/p>\n<p>Fr\u00e5n blygsam tv\u00e5d\u00f6rring till v\u00e4rldsm\u00e5ttstock<\/p>\n<p>F\u00f6rsta generationens E21 ersatte de sm\u00e5 1602- och 2002-modellerna med n\u00e5got dj\u00e4rvare \u2013 en l\u00e4tt, frisk bakhjulsdriven bil ritad av Paul Bracq, med en f\u00f6rarplats som k\u00e4ndes som ergonomisk poesi. Frank Sytner, som byggde ett helt bilimperium och sedan blev BTCC-m\u00e4stare i en M3, beskriver den som en revolution. Formen, k\u00e4nslan, konsekvensen: 3-serien satte en ny standard f\u00f6r vad en coup\u00e9salong skulle vara.<\/p>\n<p>P\u00e5 \u00e5ttiotalet exploderade populariteten. E30:an s\u00e5ldes som sm\u00f6r, blev statussymbol, sm\u00e5stadsgangsterdr\u00f6m och arkitektritade familjetransporter p\u00e5 samma g\u00e5ng. En bil som s\u00e5g lagom sn\u00e4ll ut men som i r\u00e4tt kurva kunde bita ifr\u00e5n som en terrier med turbo.<\/p>\n<p><strong>L\u00e4s \u00e4ven:<\/strong> <a href=\"https:\/\/www.dagensps.se\/motor\/nya-bmw-m3-bade-el-och-bensin-for-puristerna\/\" rel=\"nofollow noopener\" target=\"_blank\">Nya BMW M3 \u2013 B\u00e5de el och bensin f\u00f6r puristerna<\/a><\/p>\n<p><img loading=\"lazy\" decoding=\"async\" width=\"1024\" height=\"512\" src=\"https:\/\/www.europesays.com\/se\/wp-content\/uploads\/2025\/12\/Namnlos-design-7-1024x512.png\" alt=\"\" class=\"wp-image-1591592\"  \/><\/p>\n","protected":false},"excerpt":{"rendered":"Sedan debuten 1975 har modellen rullat ut i \u00f6ver tjugo miljoner exemplar och blivit ryggraden i allt fr\u00e5n&hellip;\n","protected":false},"author":2,"featured_media":101215,"comment_status":"","ping_status":"","sticky":false,"template":"","format":"standard","meta":{"footnotes":""},"categories":[66],"tags":[5622,11590,11591,80,78,79,34,31,33,32,30,81,84,408,83,82],"class_list":{"0":"post-101214","1":"post","2":"type-post","3":"status-publish","4":"format-standard","5":"has-post-thumbnail","7":"category-vetenskap-och-teknik","8":"tag-bil","9":"tag-bildesign","10":"tag-bmw-3-serien","11":"tag-science","12":"tag-science-and-technology","13":"tag-scienceandtechnology","14":"tag-se","15":"tag-svenska","16":"tag-sverige","17":"tag-sweden","18":"tag-swedish","19":"tag-technology","20":"tag-teknik","21":"tag-tyskland","22":"tag-vetenskap","23":"tag-vetenskapteknik"},"share_on_mastodon":{"url":"https:\/\/pubeurope.com\/@se\/115690427235768461","error":""},"_links":{"self":[{"href":"https:\/\/www.europesays.com\/se\/wp-json\/wp\/v2\/posts\/101214","targetHints":{"allow":["GET"]}}],"collection":[{"href":"https:\/\/www.europesays.com\/se\/wp-json\/wp\/v2\/posts"}],"about":[{"href":"https:\/\/www.europesays.com\/se\/wp-json\/wp\/v2\/types\/post"}],"author":[{"embeddable":true,"href":"https:\/\/www.europesays.com\/se\/wp-json\/wp\/v2\/users\/2"}],"replies":[{"embeddable":true,"href":"https:\/\/www.europesays.com\/se\/wp-json\/wp\/v2\/comments?post=101214"}],"version-history":[{"count":0,"href":"https:\/\/www.europesays.com\/se\/wp-json\/wp\/v2\/posts\/101214\/revisions"}],"wp:featuredmedia":[{"embeddable":true,"href":"https:\/\/www.europesays.com\/se\/wp-json\/wp\/v2\/media\/101215"}],"wp:attachment":[{"href":"https:\/\/www.europesays.com\/se\/wp-json\/wp\/v2\/media?parent=101214"}],"wp:term":[{"taxonomy":"category","embeddable":true,"href":"https:\/\/www.europesays.com\/se\/wp-json\/wp\/v2\/categories?post=101214"},{"taxonomy":"post_tag","embeddable":true,"href":"https:\/\/www.europesays.com\/se\/wp-json\/wp\/v2\/tags?post=101214"}],"curies":[{"name":"wp","href":"https:\/\/api.w.org\/{rel}","templated":true}]}}