{"id":101226,"date":"2025-12-09T16:07:14","date_gmt":"2025-12-09T16:07:14","guid":{"rendered":"https:\/\/www.europesays.com\/se\/101226\/"},"modified":"2025-12-09T16:07:14","modified_gmt":"2025-12-09T16:07:14","slug":"ambulanssjukvardare-helena-lofgren-mordades-liam-hast-doms-till-fangelse","status":"publish","type":"post","link":"https:\/\/www.europesays.com\/se\/101226\/","title":{"rendered":"Ambulanssjukv\u00e5rdare Helena L\u00f6fgren m\u00f6rdades \u2013 Liam Hast d\u00f6ms till f\u00e4ngelse"},"content":{"rendered":"<p>Liam Hast d\u00f6ms till 18 \u00e5rs f\u00e4ngelse f\u00f6r mordet p\u00e5 ambulanssjukv\u00e5rdaren Helena L\u00f6fgren, 47, i Harm\u00e5nger.\u00a0<\/p>\n<p>\u2013 Vi ska analysera domen och fundera p\u00e5 vilka eventuella sk\u00e4l vi har f\u00f6r \u00f6verklagan, s\u00e4ger kammar\u00e5klagare Elin K\u00e4llberg som yrkade p\u00e5 livstids f\u00e4ngelse.\u00a0<\/p>\n<p>Tre dagar innan d\u00e5det attackerade m\u00f6rdaren en annan ambulanssjukv\u00e5rdare med baseballtr\u00e4 och han luftade d\u00e4refter funderingar p\u00e5 att bli \u201dseriem\u00f6rdare\u201d.\u00a0<\/p>\n<p>Ur arkivet: Ida larmades sekunder efter d\u00e5det<img loading=\"lazy\"   alt=\"\"\/><\/p>\n<p>Liam Hast d\u00f6ms f\u00f6r ambulansmordet.<\/p>\n<p>Foto: Polisen<\/p>\n<p>\u00d6ppna bild i helsk\u00e4rm<img loading=\"lazy\"   alt=\"\"\/><\/p>\n<p>Helena L\u00f6fgren, 47, m\u00f6rdades.<\/p>\n<p>Foto: Privat \/ TV4<\/p>\n<p>\u00d6ppna bild i helsk\u00e4rm<img loading=\"lazy\"   alt=\"\"\/><\/p>\n<p>Det var 20 september som mordet skedde.<\/p>\n<p>Foto: Mats Andersson\/TT \/ TT NYHETSBYR\u00c5N<\/p>\n<p>\u00d6ppna bild i helsk\u00e4rm<img loading=\"lazy\"   alt=\"\"\/><\/p>\n<p>Minnesplats utanf\u00f6r huset i Nordanstig.<\/p>\n<p>Foto: Mats Andersson\/TT \/ TT NYHETSBYR\u00c5N<\/p>\n<p>\u00d6ppna bild i helsk\u00e4rm<img loading=\"lazy\"   alt=\"\"\/>\u00d6ppna bild i helsk\u00e4rmArtikeln i korthet<\/p>\n<p> Ambulanssjukv\u00e5rdare Helena L\u00f6fgren m\u00f6rdades av Liam Hast.<\/p>\n<p> Hast d\u00f6ms till 18 \u00e5rs f\u00e4ngelse \u2013 ville bli \u201dseriem\u00f6rdare\u201d.<\/p>\n<p> Tre dagar f\u00f6re mordet attackerade han en annan ambulansanst\u00e4lld.<\/p>\n<p> Skrevs ut fr\u00e5n psykiatrin dagen innan d\u00e5det.<\/p>\n<p>Visa mer<\/p>\n<p>Den 20 september i \u00e5r ringde 26-\u00e5rige Liam Hast till 112.<\/p>\n<p>N\u00e4r 47-\u00e5riga ambulanssjukv\u00e5rdaren Helena L\u00f6fgren tidigt p\u00e5 eftermiddagen knackade p\u00e5 attackerade han henne med en kniv och ett av huggen tog i hj\u00e4rtat.\u00a0<\/p>\n<p>Helena L\u00f6fgren dog av skadorna och mot sitt nekande d\u00f6ms Liam Hast nu till 18 \u00e5rs f\u00e4ngelse f\u00f6r mord.<\/p>\n<p>26-\u00e5ringen har erk\u00e4nt att han utdelat knivhuggen som orsakade Helena L\u00f6fgrens d\u00f6d men f\u00f6rnekade att det var hans avsikt att hon skulle d\u00f6. Han menade i st\u00e4llet att hans handlande skulle bed\u00f6mas som grov misshandel.\u00a0<\/p>\n<p>\u201dHast m\u00e5ste dock samtidigt, oavsett att han enligt det r\u00e4ttspsykiatriska utl\u00e5tandet inte \u00e4r s\u00e5 beg\u00e5vad, som vilken annan vuxen m\u00e4nniska som helst vara v\u00e4l medveten om att upprepade snabba stick med kniv mot n\u00e5gons \u00f6verkropp inneb\u00e4r en stor risk f\u00f6r d\u00f6dlig utg\u00e5ng\u201d, skriver H\u00e4lsinglands tingsr\u00e4tt i domen.\u00a0<\/p>\n<p>Ville \u201dbli k\u00e4nd som seriem\u00f6rdare\u201d<\/p>\n<p>Tingsr\u00e4tten finner att han, p\u00e5grund av att han varit helt likgiltig inf\u00f6r konsekvenserna, ska d\u00f6mas f\u00f6r mord.\u00a0<\/p>\n<p>Hast d\u00f6ms \u00e4ven f\u00f6r v\u00e5ld mot tj\u00e4nsteman. Detta efter en attack med ett baseballtr\u00e4 mot en annan ambulansanst\u00e4lld bara n\u00e5gra dagar tidigare. Cheferna p\u00e5 Region G\u00e4vleborg hade, trots den incidenten, inte larmat om mannens hotfulla och v\u00e5ldsamma tendenser, vilket <a href=\"https:\/\/www.tv4.se\/artikel\/6LpsUZeG3533GDctNEydt4\/helenas-liv-kunde-ha-raeddats-intresset-var-inte-sa-jaettehoegt\" rel=\"nofollow noopener\" target=\"_blank\">Kalla fakta<\/a> tidigare rapporterat om.<\/p>\n<p>Efter \u00f6verfallet lades Hast in p\u00e5 r\u00e4ttspsyk d\u00e4r han ber\u00e4ttade f\u00f6r en sk\u00f6tare att \u201dhan ville m\u00f6rda och bli k\u00e4nd som seriem\u00f6rdare\u201d.\u00a0<\/p>\n<p>Dagen innan han m\u00f6rdade Helena L\u00f6fgren skrevs Liam Hast ut fr\u00e5n avdelningen.<\/p>\n<p>I samtalet till 112, den 20 september, sa Hast att han hade sj\u00e4lvmordstankar och d\u00e4rf\u00f6r ville bli h\u00e4mtad av ambulans. Han ber\u00e4ttade ocks\u00e5 att han varit inlagd p\u00e5 psyk fram till dagen innan, och att han beh\u00f6vt \u00e5ka polisbil dit den g\u00e5ngen.<\/p>\n<p>\u2013 Ja, jag var hotfull och s\u00e5, och ville inte f\u00f6lja med, s\u00e4ger 26-\u00e5ringen i larmsamtalet.\u00a0<\/p>\n<p>\u00c5klagare: \u201dTingsr\u00e4tten har delat v\u00e5r uppfattning\u201d<\/p>\n<p>Han svarar sedan att han kommer f\u00f6lja med ambulansen sj\u00e4lvmant den h\u00e4r g\u00e5ngen.<\/p>\n<p>\u00c4ven om Hast sedan barndomen haft psykiska och andra problem s\u00e5 \u00e4r den r\u00e4ttspsykiatriska bed\u00f6mningen att han inte led av en allvarlig psykisk st\u00f6rning vid mordet eller under den r\u00e4ttspsykiatriska unders\u00f6kningen. Tingsr\u00e4tten konstaterar i domen att n\u00e5got annat \u00e4n f\u00e4ngelse inte kan bli aktuellt.\u00a0<\/p>\n<p>\u2013 Jag kan konstatera att tingsr\u00e4tten har delat v\u00e5r uppfattning om att den tilltalade ska d\u00f6mas f\u00f6r g\u00e4rningen och att den ska rubriceras som mord, s\u00e4ger Elin K\u00e4llberg.\u00a0<\/p>\n<p>Hon och \u00e5klagarkollegan Fatma Celik hade yrkat p\u00e5 Liam Hast skulle d\u00f6mas till livstids f\u00e4ngelse.\u00a0<\/p>\n<p>\u2013 Vi ska analysera domen och fundera p\u00e5 vilka eventuella sk\u00e4l vi har f\u00f6r \u00f6verklagan, s\u00e5 vi f\u00e5r \u00e5terkomma till det l\u00e4ngre fram.\u00a0<\/p>\n","protected":false},"excerpt":{"rendered":"Liam Hast d\u00f6ms till 18 \u00e5rs f\u00e4ngelse f\u00f6r mordet p\u00e5 ambulanssjukv\u00e5rdaren Helena L\u00f6fgren, 47, i Harm\u00e5nger.\u00a0 \u2013 Vi&hellip;\n","protected":false},"author":2,"featured_media":101227,"comment_status":"","ping_status":"","sticky":false,"template":"","format":"standard","meta":{"footnotes":""},"categories":[5],"tags":[22,23,26,27,17,21,24,25,2517,28,29,15,7011,16,18,34,154,31,33,32,30,19,136,436,20],"class_list":{"0":"post-101226","1":"post","2":"type-post","3":"status-publish","4":"format-standard","5":"has-post-thumbnail","7":"category-rubriker","8":"tag-breaking-news","9":"tag-breakingnews","10":"tag-featured-news","11":"tag-featurednews","12":"tag-headlines","13":"tag-huvudnyheter","14":"tag-latest-news","15":"tag-latestnews","16":"tag-location-nordanstig-kommun","17":"tag-main-news","18":"tag-mainnews","19":"tag-news","20":"tag-newsstory-ambulanspersonal-mordad-i-nordanstig","21":"tag-nyheter","22":"tag-rubriker","23":"tag-se","24":"tag-sections-sverige","25":"tag-svenska","26":"tag-sverige","27":"tag-sweden","28":"tag-swedish","29":"tag-top-stories","30":"tag-topic-rattegangar-domar","31":"tag-topic-valdsbrott-mord","32":"tag-topstories"},"share_on_mastodon":{"url":"https:\/\/pubeurope.com\/@se\/115690474320966707","error":""},"_links":{"self":[{"href":"https:\/\/www.europesays.com\/se\/wp-json\/wp\/v2\/posts\/101226","targetHints":{"allow":["GET"]}}],"collection":[{"href":"https:\/\/www.europesays.com\/se\/wp-json\/wp\/v2\/posts"}],"about":[{"href":"https:\/\/www.europesays.com\/se\/wp-json\/wp\/v2\/types\/post"}],"author":[{"embeddable":true,"href":"https:\/\/www.europesays.com\/se\/wp-json\/wp\/v2\/users\/2"}],"replies":[{"embeddable":true,"href":"https:\/\/www.europesays.com\/se\/wp-json\/wp\/v2\/comments?post=101226"}],"version-history":[{"count":0,"href":"https:\/\/www.europesays.com\/se\/wp-json\/wp\/v2\/posts\/101226\/revisions"}],"wp:featuredmedia":[{"embeddable":true,"href":"https:\/\/www.europesays.com\/se\/wp-json\/wp\/v2\/media\/101227"}],"wp:attachment":[{"href":"https:\/\/www.europesays.com\/se\/wp-json\/wp\/v2\/media?parent=101226"}],"wp:term":[{"taxonomy":"category","embeddable":true,"href":"https:\/\/www.europesays.com\/se\/wp-json\/wp\/v2\/categories?post=101226"},{"taxonomy":"post_tag","embeddable":true,"href":"https:\/\/www.europesays.com\/se\/wp-json\/wp\/v2\/tags?post=101226"}],"curies":[{"name":"wp","href":"https:\/\/api.w.org\/{rel}","templated":true}]}}