{"id":101234,"date":"2025-12-09T16:18:09","date_gmt":"2025-12-09T16:18:09","guid":{"rendered":"https:\/\/www.europesays.com\/se\/101234\/"},"modified":"2025-12-09T16:18:09","modified_gmt":"2025-12-09T16:18:09","slug":"uppgifter-modos-krisdrag-varvar-tre-backar","status":"publish","type":"post","link":"https:\/\/www.europesays.com\/se\/101234\/","title":{"rendered":"Uppgifter: MoDos krisdrag \u2013 v\u00e4rvar tre (!) backar"},"content":{"rendered":"<p><strong><a href=\"https:\/\/hockeysverige.se\/klubb\/modo-hockey\" rel=\"nofollow noopener\" target=\"_blank\">MoDo<\/a> ser ut att st\u00e4rka sin backsida inf\u00f6r andra halvan av <a href=\"https:\/\/hockeysverige.se\/hockeyallsvenskan\" rel=\"nofollow noopener\" target=\"_blank\">HockeyAllsvenskan<\/a>. <br \/>Enligt uppgifter till <a href=\"https:\/\/www.allehanda.se\/2025-12-09\/avslojar-modo-varvar-tre-backar\/\" rel=\"nofollow noopener\" target=\"_blank\">\u00d6rnsk\u00f6ldsviks Allehanda<\/a> \u00e4r MoDo \u00f6verens med tre (!) backar, Kasper Kotkansalo, Ryan O\u2019Rourke och <a href=\"https:\/\/hockeysverige.se\/spelare\/august-berg\" rel=\"nofollow noopener\" target=\"_blank\">August Berg<\/a>. <\/strong><\/p>\n<p><img loading=\"lazy\" decoding=\"async\" width=\"1024\" height=\"658\" src=\"https:\/\/www.europesays.com\/se\/wp-content\/uploads\/2025\/12\/MoDo-trippelvarvar-1024x658.webp.webp\" alt=\"Kasper Kotkansalo, Ryan O'Rourke, August Berg. MoDo Hockey.\" class=\"wp-image-334870\"  \/>Kasper Kotkansalo, Ryan O\u2019Rourke och August Berg uppges vara \u00f6verens med MoDo Hockey. <strong>Foto: <\/strong>Bildbyr\u00e5n<\/p>\n<p>MoDo Hockey gick in till s\u00e4songen i HockeyAllsvenskan med h\u00f6ga f\u00f6rv\u00e4ntningar och de ans\u00e5gs vara den stora favoriten att g\u00e5 upp till SHL. Men f\u00f6rsta halvan av s\u00e4songen har inte g\u00e5tt som f\u00f6rv\u00e4ntat f\u00f6r \u00d6-viksklubben. Efter 26 matcher ligger de just nu fyra i tabellen med 47 po\u00e4ng. MoDo kan dock glida ner p\u00e5 femte plats eftersom att AIK bara \u00e4r en po\u00e4ng bakom trots att \u201dGnaget\u201d bara har spelat 24 matcher. MoDo \u00e4r ocks\u00e5 hela 18 po\u00e4ng bakom serieledande Bj\u00f6rkl\u00f6ven. <\/p>\n<p>D\u00e4rf\u00f6r valde MoDo i s\u00f6ndags att <a href=\"https:\/\/hockeysverige.se\/hockeyallsvenskan\/modo-sparkar-mattias-karlin-sundell\/\" rel=\"nofollow noopener\" target=\"_blank\">sparka huvudtr\u00e4naren Mattias Karlin<\/a> samt assisterande tr\u00e4naren Mikael Sundell. I st\u00e4llet kommer Fredrik Andersson att leda laget som huvudtr\u00e4nare samtidigt som Thomas Rohdin, tidigare i F\u00e4rjestad, har plockats in som assisterande tr\u00e4nare. <\/p>\n<p><a href=\"https:\/\/hockeysverige.se\/intervju\/sa-vill-fredrik-andersson-lyfta-modo\/\" rel=\"nofollow noopener\" target=\"_blank\"><strong>L\u00c4S \u00c4VEN: S\u00e5 vill Fredrik Andersson lyfta MoDo<\/strong><\/a><\/p>\n<p>Henrik Gradin om uppgifterna: \u201dInte \u00f6verens\u201d<\/p>\n<p>Nu ser \u00e4ven sportchef Henrik Gradin ut att agera n\u00e4r det g\u00e4ller spelartruppen. <\/p>\n<p>Det har inte varit n\u00e5gon hemlighet att MoDo avsett att f\u00f6rst\u00e4rka sin backsida under s\u00e4songens g\u00e5ng. Redan innan s\u00e4songsstarten lyftes f\u00f6rsvaret som en potentiell svaghet hos MoDo och nu verkar Gradin ocks\u00e5 ha f\u00e5tt napp. Men han n\u00f6jer sig inte bara med att f\u00f6rst\u00e4rka med en eller tv\u00e5 nya spelare. I st\u00e4llet uppger \u00d6rnsk\u00f6ldsviks Allehanda att MoDo \u00e4r \u00f6verens med tre (!) nya backar som ska st\u00e4rka laget. <\/p>\n<p>Det handlar om tv\u00e5 <a href=\"https:\/\/hockeysverige.se\/shl\" rel=\"nofollow noopener\" target=\"_blank\">SHL<\/a>-backar samt en nordamerikansk f\u00f6rsvarare. Enligt \u00d6A \u00e4r MoDo \u00f6verens med <a href=\"https:\/\/hockeysverige.se\/klubb\/lulea-hockey\" rel=\"nofollow noopener\" target=\"_blank\">Lule\u00e5<\/a>s finl\u00e4ndare Kasper Kotkansalo, <a href=\"https:\/\/hockeysverige.se\/klubb\/djurgardens-if-hockey\" rel=\"nofollow noopener\" target=\"_blank\">Djurg\u00e5rden<\/a>s August Berg samt kanadensaren Ryan O\u2019Rourke som n\u00e4rmast kommer fr\u00e5n <a href=\"https:\/\/hockeysverige.se\/ahl\" rel=\"nofollow noopener\" target=\"_blank\">AHL<\/a>. Henrik Gradin f\u00f6rnekar dock att n\u00e5got ska vara klart med backtrion. <\/p>\n<p>\u2013 Det kan jag dementera. Vi \u00e4r inte \u00f6verens med n\u00e5gon av de tre d\u00e5 inget kontrakt \u00e4r skrivet. Men vi \u00e4r n\u00e4ra p\u00e5 en av dessa spelare, s\u00e4ger Gradin till \u00d6rnsk\u00f6ldsviks Allehanda.<\/p>\n<p>H\u00e4r \u00e4r MoDos nya backar<\/p>\n<p>Kasper Kotkansalo, 27, v\u00e4rvades till Lule\u00e5 inf\u00f6r s\u00e4songen men har varit kritiserad f\u00f6r sitt spel i SHL. P\u00e5 sistone har Kotkansalo tappat sin plats i Lule\u00e5 och hamnat i frysboxen. Nu verkar MoDo allts\u00e5 nappa p\u00e5 backen. <\/p>\n<p>August Berg, 26, var med och f\u00f6rde upp Djurg\u00e5rden till SHL i v\u00e5ras men har f\u00e5tt begr\u00e4nsade chanser i h\u00f6gstaligan under s\u00e4songens f\u00f6rsta halva. Han var utl\u00e5nad till MoDo f\u00f6r tre matcher i HockeyAllsvenskan i h\u00f6stas och ser nu ocks\u00e5 ut att komma loss till \u00d6rnsk\u00f6ldsvik permanent. Berg spelade i MoDo mellan 2022 och 2024 och var d\u00e5 med om klubbens avancemang till SHL 2023. <\/p>\n<p>Ryan O\u2019Rourke, 23, \u00e4r en tidigare backtalang som valdes av <a href=\"https:\/\/hockeysverige.se\/klubb\/minnesota-wild\" rel=\"nofollow noopener\" target=\"_blank\">Minnesota Wild<\/a> i NHL-draftens andra runda 2020. Han var sedan med och vann JVM-guld med Kanada 2022 innan han tog klivet till Wilds organisation. O\u2019Rourke spelade tre s\u00e4songer i AHL med farmarlaget Iowa Wild mellan 2022 och 2025. Inf\u00f6r \u00e5rets s\u00e4song skrev han ett AHL-kontrakt med Laval Rocket men det blev endast tre matcher innan han skickades ner till farmarligans farmarliga ECHL d\u00e4r han har spelat elva matcher f\u00f6r Trois-Rivi\u00e8res Lions. Totalt har O\u2019Rourke noterats f\u00f6r 40 po\u00e4ng p\u00e5 232 matcher i AHL under sin karri\u00e4r. <\/p>\n<p> Source: <a href=\"https:\/\/www.eliteprospects.com\/player\/221328\/kasper-kotkansalo\" target=\"_blank\" rel=\"noopener noreferrer nofollow\">Kasper Kotkansalo<\/a> @ Elite Prospects<\/p>\n<p> Source: <a href=\"https:\/\/www.eliteprospects.com\/player\/201939\/ryan-o-rourke\" target=\"_blank\" rel=\"noopener noreferrer nofollow\">Ryan O\u2019Rourke<\/a> @ Elite Prospects<\/p>\n<p> Source: <a href=\"https:\/\/www.eliteprospects.com\/player\/239233\/august-berg\" target=\"_blank\" rel=\"noopener noreferrer nofollow\">August Berg<\/a> @ Elite Prospects<\/p>\n","protected":false},"excerpt":{"rendered":"MoDo ser ut att st\u00e4rka sin backsida inf\u00f6r andra halvan av HockeyAllsvenskan. Enligt uppgifter till \u00d6rnsk\u00f6ldsviks Allehanda \u00e4r&hellip;\n","protected":false},"author":2,"featured_media":101235,"comment_status":"","ping_status":"","sticky":false,"template":"","format":"standard","meta":{"footnotes":""},"categories":[68],"tags":[2544,621,34,133,134,111,110,31,33,32,30],"class_list":{"0":"post-101234","1":"post","2":"type-post","3":"status-publish","4":"format-standard","5":"has-post-thumbnail","7":"category-sport","8":"tag-ahl","9":"tag-hockeyallsvenskan","10":"tag-se","11":"tag-second-news","12":"tag-shl","13":"tag-sport","14":"tag-sports","15":"tag-svenska","16":"tag-sverige","17":"tag-sweden","18":"tag-swedish"},"share_on_mastodon":{"url":"https:\/\/pubeurope.com\/@se\/115690517817344791","error":""},"_links":{"self":[{"href":"https:\/\/www.europesays.com\/se\/wp-json\/wp\/v2\/posts\/101234","targetHints":{"allow":["GET"]}}],"collection":[{"href":"https:\/\/www.europesays.com\/se\/wp-json\/wp\/v2\/posts"}],"about":[{"href":"https:\/\/www.europesays.com\/se\/wp-json\/wp\/v2\/types\/post"}],"author":[{"embeddable":true,"href":"https:\/\/www.europesays.com\/se\/wp-json\/wp\/v2\/users\/2"}],"replies":[{"embeddable":true,"href":"https:\/\/www.europesays.com\/se\/wp-json\/wp\/v2\/comments?post=101234"}],"version-history":[{"count":0,"href":"https:\/\/www.europesays.com\/se\/wp-json\/wp\/v2\/posts\/101234\/revisions"}],"wp:featuredmedia":[{"embeddable":true,"href":"https:\/\/www.europesays.com\/se\/wp-json\/wp\/v2\/media\/101235"}],"wp:attachment":[{"href":"https:\/\/www.europesays.com\/se\/wp-json\/wp\/v2\/media?parent=101234"}],"wp:term":[{"taxonomy":"category","embeddable":true,"href":"https:\/\/www.europesays.com\/se\/wp-json\/wp\/v2\/categories?post=101234"},{"taxonomy":"post_tag","embeddable":true,"href":"https:\/\/www.europesays.com\/se\/wp-json\/wp\/v2\/tags?post=101234"}],"curies":[{"name":"wp","href":"https:\/\/api.w.org\/{rel}","templated":true}]}}