{"id":101240,"date":"2025-12-09T16:29:16","date_gmt":"2025-12-09T16:29:16","guid":{"rendered":"https:\/\/www.europesays.com\/se\/101240\/"},"modified":"2025-12-09T16:29:16","modified_gmt":"2025-12-09T16:29:16","slug":"storbank-mats-qvibergs-bolag-ar-en-bra-utdelningsaktie","status":"publish","type":"post","link":"https:\/\/www.europesays.com\/se\/101240\/","title":{"rendered":"Storbank: Mats Qvibergs bolag \u00e4r en bra utdelningsaktie"},"content":{"rendered":"<p class=\"font-sans text-base text-text-main dark:text-text-main-dark font-normal leading-[1.4]\">Konsumtionen \u00f6kar bland svenska konsumenter och det finns tidiga tecken p\u00e5 att m\u00e5nga tittar p\u00e5 att k\u00f6pa en ny bil. Under 2026 \u00e4r det rimligt att anta att nybilsf\u00f6rs\u00e4ljningen kommer \u00e5terh\u00e4mta sig, menar <strong>Handelsbanken<\/strong> i en f\u00e4rsk analys.<\/p>\n<p class=\"font-sans text-base text-text-main dark:text-text-main-dark font-normal leading-[1.4]\">Detta \u00e4r n\u00e5got som kommer gynna bilf\u00f6rs\u00e4ljaren <strong>Bilia<\/strong>, d\u00e4r <strong>Mats Qviberg<\/strong> \u00e4r st\u00f6rste \u00e4gare. <\/p>\n<p class=\"font-sans text-base text-text-main dark:text-text-main-dark font-normal leading-[1.4]\">Med en \u00f6kad efterfr\u00e5gan f\u00f6r nyare bilar skulle det leda till spridningseffekter som gynnar Bilia, menar banken.<\/p>\n<p class=\"font-sans text-base text-text-main dark:text-text-main-dark font-normal leading-[1.4]\">&#8221;F\u00f6r det f\u00f6rsta pressar volymkampanjer fr\u00e5n biltillverkarna marginalerna, men detta b\u00f6r avta n\u00e4r f\u00f6rs\u00e4ljningen \u00f6kar&#8221;, skriver bankens analytiker <strong>Stefan Stjernholm<\/strong> och forts\u00e4tter: <\/p>\n<p class=\"font-sans text-base text-text-main dark:text-text-main-dark font-normal leading-[1.4]\">&#8221;F\u00f6r det andra st\u00f6djer bilf\u00f6rs\u00e4ljningen eftermarknaden med h\u00f6gre marginaler, vilket b\u00f6r st\u00e4rka marginalerna f\u00f6r aff\u00e4rsomr\u00e5det Service (en relativt stabil verksamhet som idag st\u00e5r f\u00f6r drygt 70% av Bilias r\u00f6relseresultat).&#8221; <\/p>\n","protected":false},"excerpt":{"rendered":"Konsumtionen \u00f6kar bland svenska konsumenter och det finns tidiga tecken p\u00e5 att m\u00e5nga tittar p\u00e5 att k\u00f6pa en&hellip;\n","protected":false},"author":2,"featured_media":101241,"comment_status":"","ping_status":"","sticky":false,"template":"","format":"standard","meta":{"footnotes":""},"categories":[65],"tags":[11596,72,70,71,34,31,33,32,30],"class_list":{"0":"post-101240","1":"post","2":"type-post","3":"status-publish","4":"format-standard","5":"has-post-thumbnail","7":"category-ekonomi","8":"tag-bilia","9":"tag-business","10":"tag-economy","11":"tag-ekonomi","12":"tag-se","13":"tag-svenska","14":"tag-sverige","15":"tag-sweden","16":"tag-swedish"},"share_on_mastodon":{"url":"https:\/\/pubeurope.com\/@se\/115690560755586478","error":""},"_links":{"self":[{"href":"https:\/\/www.europesays.com\/se\/wp-json\/wp\/v2\/posts\/101240","targetHints":{"allow":["GET"]}}],"collection":[{"href":"https:\/\/www.europesays.com\/se\/wp-json\/wp\/v2\/posts"}],"about":[{"href":"https:\/\/www.europesays.com\/se\/wp-json\/wp\/v2\/types\/post"}],"author":[{"embeddable":true,"href":"https:\/\/www.europesays.com\/se\/wp-json\/wp\/v2\/users\/2"}],"replies":[{"embeddable":true,"href":"https:\/\/www.europesays.com\/se\/wp-json\/wp\/v2\/comments?post=101240"}],"version-history":[{"count":0,"href":"https:\/\/www.europesays.com\/se\/wp-json\/wp\/v2\/posts\/101240\/revisions"}],"wp:featuredmedia":[{"embeddable":true,"href":"https:\/\/www.europesays.com\/se\/wp-json\/wp\/v2\/media\/101241"}],"wp:attachment":[{"href":"https:\/\/www.europesays.com\/se\/wp-json\/wp\/v2\/media?parent=101240"}],"wp:term":[{"taxonomy":"category","embeddable":true,"href":"https:\/\/www.europesays.com\/se\/wp-json\/wp\/v2\/categories?post=101240"},{"taxonomy":"post_tag","embeddable":true,"href":"https:\/\/www.europesays.com\/se\/wp-json\/wp\/v2\/tags?post=101240"}],"curies":[{"name":"wp","href":"https:\/\/api.w.org\/{rel}","templated":true}]}}