{"id":101269,"date":"2025-12-09T17:16:48","date_gmt":"2025-12-09T17:16:48","guid":{"rendered":"https:\/\/www.europesays.com\/se\/101269\/"},"modified":"2025-12-09T17:16:48","modified_gmt":"2025-12-09T17:16:48","slug":"tandlakare-drar-ut-tander-i-onodan","status":"publish","type":"post","link":"https:\/\/www.europesays.com\/se\/101269\/","title":{"rendered":"Tandl\u00e4kare drar ut t\u00e4nder i on\u00f6dan"},"content":{"rendered":"<p>Det statliga tandv\u00e5rdsst\u00f6det har lett till att tandl\u00e4kare h\u00f6jer priserna, inte att patienternas kostnader sjunkit. Dessutom dras ofta t\u00e4nder ut i on\u00f6dan, enligt en granskning fr\u00e5n Riksrevisionen.<\/p>\n<p>St\u00f6det inf\u00f6rdes 2008 och kostar staten runt \u00e5tta miljarder kronor varje \u00e5r. Men i praktiken har det blivit ett s\u00e4tt f\u00f6r tandl\u00e4karna att fylla sina kassor. Ju h\u00f6gre subventionen har varit, desto mer har v\u00e5rdgivarna h\u00f6jt priset, konstaterar Riksrevisionen.<\/p>\n<p>Granskningen visar ocks\u00e5 att vissa ingrepp, som att dra ut en tand och ers\u00e4tta med implantat, blivit vanligare sedan subventionen inf\u00f6rdes.<\/p>\n<p>\u2013 Ett sk\u00e4l till det \u00e4r sannolikt att tandl\u00e4karna f\u00e5r mer ers\u00e4ttning f\u00f6r det, trots att det ur ett odontologiskt perspektiv ofta \u00e4r b\u00e4ttre att beh\u00e5lla tanden och rotfylla den, s\u00e4ger Riksrevisionens Filippa Hagersten till TT.<\/p>\n<p>Omni \u00e4r politiskt obundna och oberoende. Vi str\u00e4var efter att ge fler perspektiv p\u00e5 nyheterna. Har du fr\u00e5gor eller synpunkter kring v\u00e5r rapportering? <a href=\"https:\/\/omni.se\/granskning-tandlakare-drar-ut-tander-i-onodan\/a\/mailto:redaktion@omni.se\" class=\"ArticleActions_contactLink__W2F1M\" rel=\"nofollow noopener\" target=\"_blank\">Kontakta redaktionen<\/a><\/p>\n","protected":false},"excerpt":{"rendered":"Det statliga tandv\u00e5rdsst\u00f6det har lett till att tandl\u00e4kare h\u00f6jer priserna, inte att patienternas kostnader sjunkit. Dessutom dras ofta&hellip;\n","protected":false},"author":2,"featured_media":101270,"comment_status":"","ping_status":"","sticky":false,"template":"","format":"standard","meta":{"footnotes":""},"categories":[5],"tags":[22,23,26,27,17,21,24,25,28,29,15,16,3478,18,34,31,33,32,30,19,20,330],"class_list":{"0":"post-101269","1":"post","2":"type-post","3":"status-publish","4":"format-standard","5":"has-post-thumbnail","7":"category-rubriker","8":"tag-breaking-news","9":"tag-breakingnews","10":"tag-featured-news","11":"tag-featurednews","12":"tag-headlines","13":"tag-huvudnyheter","14":"tag-latest-news","15":"tag-latestnews","16":"tag-main-news","17":"tag-mainnews","18":"tag-news","19":"tag-nyheter","20":"tag-riksrevisionen","21":"tag-rubriker","22":"tag-se","23":"tag-svenska","24":"tag-sverige","25":"tag-sweden","26":"tag-swedish","27":"tag-top-stories","28":"tag-topstories","29":"tag-vard-omsorg"},"share_on_mastodon":{"url":"https:\/\/pubeurope.com\/@se\/115690749459203057","error":""},"_links":{"self":[{"href":"https:\/\/www.europesays.com\/se\/wp-json\/wp\/v2\/posts\/101269","targetHints":{"allow":["GET"]}}],"collection":[{"href":"https:\/\/www.europesays.com\/se\/wp-json\/wp\/v2\/posts"}],"about":[{"href":"https:\/\/www.europesays.com\/se\/wp-json\/wp\/v2\/types\/post"}],"author":[{"embeddable":true,"href":"https:\/\/www.europesays.com\/se\/wp-json\/wp\/v2\/users\/2"}],"replies":[{"embeddable":true,"href":"https:\/\/www.europesays.com\/se\/wp-json\/wp\/v2\/comments?post=101269"}],"version-history":[{"count":0,"href":"https:\/\/www.europesays.com\/se\/wp-json\/wp\/v2\/posts\/101269\/revisions"}],"wp:featuredmedia":[{"embeddable":true,"href":"https:\/\/www.europesays.com\/se\/wp-json\/wp\/v2\/media\/101270"}],"wp:attachment":[{"href":"https:\/\/www.europesays.com\/se\/wp-json\/wp\/v2\/media?parent=101269"}],"wp:term":[{"taxonomy":"category","embeddable":true,"href":"https:\/\/www.europesays.com\/se\/wp-json\/wp\/v2\/categories?post=101269"},{"taxonomy":"post_tag","embeddable":true,"href":"https:\/\/www.europesays.com\/se\/wp-json\/wp\/v2\/tags?post=101269"}],"curies":[{"name":"wp","href":"https:\/\/api.w.org\/{rel}","templated":true}]}}