{"id":101298,"date":"2025-12-09T18:04:19","date_gmt":"2025-12-09T18:04:19","guid":{"rendered":"https:\/\/www.europesays.com\/se\/101298\/"},"modified":"2025-12-09T18:04:19","modified_gmt":"2025-12-09T18:04:19","slug":"dags-att-utreda-svenskt-e-krona","status":"publish","type":"post","link":"https:\/\/www.europesays.com\/se\/101298\/","title":{"rendered":"Dags att utreda svenskt e-krona"},"content":{"rendered":"<p>Publicerad 9 dec 2025 kl 09.52<\/p>\n<p>Det \u00e4r dags att \u00e5terigen utreda om Sverige ska ha en e-krona. Det s\u00e4ger Riksbankschefen Erik Thed\u00e9en p\u00e5 en utfr\u00e5gning i riksdagen.\u00a0<\/p>\n<p>Morgonkoll: Rej\u00e4lt vinstlyft f\u00f6r Rusta \u2013 fall i Asien<img   alt=\"\"\/><\/p>\n<p>Riksbankschefen Erik Thed\u00e9en.<\/p>\n<p>Foto: Anders Wiklund\/TT \/ TT NYHETSBYR\u00c5N<\/p>\n<p>\u00d6ppna bild i helsk\u00e4rm<\/p>\n<p>Thed\u00e9en h\u00e4nvisar bland annat till att ECB \u00e4r i f\u00e4rd med att ta fram en digital euro.\u00a0<\/p>\n<p>\u2013 Den digitala euron har ganska starkt momentum nu och vi tror, eller m\u00e5nga s\u00e4ger sig tro, att den kan vara inf\u00f6rd 2029. Man har kommit ganska l\u00e5ngt med lagstiftningsarbetet, s\u00e4ger Erik Thed\u00e9en.\u00a0<\/p>\n<p><a href=\"https:\/\/www.expressen.se\/tagg\/organization\/riksbanken\/\" class=\"\" rel=\"nofollow noopener\" target=\"_blank\">Riksbanken<\/a> har tidigare genomf\u00f6rt pilotprojekt med en svensk digital krona kopplad till blockkedjan. Men i betalningsutredningen fr\u00e5n 2023 slog utredaren fast att det inte fanns tillr\u00e4ckliga samh\u00e4llsbehov f\u00f6r en e-krona.<\/p>\n<p>Men med tanke p\u00e5 bland annat arbetet med den digitala euron anser Thed\u00e9en att det nu \u00e4r dags \u201datt g\u00f6ra n\u00e5got igen\u201d.<\/p>\n<p>\u2013 Det tycker vi aktualiserar fr\u00e5gan att i varje fall utreda fr\u00e5gan hur en svensk e-krona skulle fungera, s\u00e4ger han.<\/p>\n","protected":false},"excerpt":{"rendered":"Publicerad 9 dec 2025 kl 09.52 Det \u00e4r dags att \u00e5terigen utreda om Sverige ska ha en e-krona.&hellip;\n","protected":false},"author":2,"featured_media":101299,"comment_status":"","ping_status":"","sticky":false,"template":"","format":"standard","meta":{"footnotes":""},"categories":[5],"tags":[22,23,26,27,17,21,24,25,28,29,15,16,1135,1137,18,34,31,33,32,30,19,20],"class_list":{"0":"post-101298","1":"post","2":"type-post","3":"status-publish","4":"format-standard","5":"has-post-thumbnail","7":"category-rubriker","8":"tag-breaking-news","9":"tag-breakingnews","10":"tag-featured-news","11":"tag-featurednews","12":"tag-headlines","13":"tag-huvudnyheter","14":"tag-latest-news","15":"tag-latestnews","16":"tag-main-news","17":"tag-mainnews","18":"tag-news","19":"tag-nyheter","20":"tag-organization-riksbanken","21":"tag-person-erik-thedeen","22":"tag-rubriker","23":"tag-se","24":"tag-svenska","25":"tag-sverige","26":"tag-sweden","27":"tag-swedish","28":"tag-top-stories","29":"tag-topstories"},"share_on_mastodon":{"url":"https:\/\/pubeurope.com\/@se\/115690934279052429","error":""},"_links":{"self":[{"href":"https:\/\/www.europesays.com\/se\/wp-json\/wp\/v2\/posts\/101298","targetHints":{"allow":["GET"]}}],"collection":[{"href":"https:\/\/www.europesays.com\/se\/wp-json\/wp\/v2\/posts"}],"about":[{"href":"https:\/\/www.europesays.com\/se\/wp-json\/wp\/v2\/types\/post"}],"author":[{"embeddable":true,"href":"https:\/\/www.europesays.com\/se\/wp-json\/wp\/v2\/users\/2"}],"replies":[{"embeddable":true,"href":"https:\/\/www.europesays.com\/se\/wp-json\/wp\/v2\/comments?post=101298"}],"version-history":[{"count":0,"href":"https:\/\/www.europesays.com\/se\/wp-json\/wp\/v2\/posts\/101298\/revisions"}],"wp:featuredmedia":[{"embeddable":true,"href":"https:\/\/www.europesays.com\/se\/wp-json\/wp\/v2\/media\/101299"}],"wp:attachment":[{"href":"https:\/\/www.europesays.com\/se\/wp-json\/wp\/v2\/media?parent=101298"}],"wp:term":[{"taxonomy":"category","embeddable":true,"href":"https:\/\/www.europesays.com\/se\/wp-json\/wp\/v2\/categories?post=101298"},{"taxonomy":"post_tag","embeddable":true,"href":"https:\/\/www.europesays.com\/se\/wp-json\/wp\/v2\/tags?post=101298"}],"curies":[{"name":"wp","href":"https:\/\/api.w.org\/{rel}","templated":true}]}}