{"id":101363,"date":"2025-12-09T19:32:08","date_gmt":"2025-12-09T19:32:08","guid":{"rendered":"https:\/\/www.europesays.com\/se\/101363\/"},"modified":"2025-12-09T19:32:08","modified_gmt":"2025-12-09T19:32:08","slug":"tvattbjorn-ljungsbro-invasiv-art-maste-avlivas-enligt-lag","status":"publish","type":"post","link":"https:\/\/www.europesays.com\/se\/101363\/","title":{"rendered":"Tv\u00e4ttbj\u00f6rn Ljungsbro \u2013 invasiv art m\u00e5ste avlivas enligt lag"},"content":{"rendered":"<p>Publicerad 9 dec 2025 kl 19.00<\/p>\n<p>En tv\u00e4ttbj\u00f6rn har synts till i Sverige f\u00f6r f\u00f6rsta g\u00e5ngen p\u00e5 12 \u00e5r.<\/p>\n<p>Ett mycket ovanligt fynd enligt Svenska J\u00e4garef\u00f6rbundet.<\/p>\n<p>Men arten klassas som invasiv \u2013 och m\u00e5ste d\u00e4rf\u00f6r avlivas.<\/p>\n<p><img   alt=\"\"\/><\/p>\n<p>Det \u00e4r f\u00f6rsta g\u00e5ngen en levande tv\u00e4ttbj\u00f6rn synts i Sverige sedan 2013.<\/p>\n<p>Foto: Rogney Piedra Arencibia \/ Shutterstock<\/p>\n<p>\u00d6ppna bild i helsk\u00e4rm<img loading=\"lazy\"   alt=\"\"\/><\/p>\n<p>2010 hittades tv\u00e5 tv\u00e4ttbj\u00f6rnar i G\u00f6teborgs hamn.<\/p>\n<p>Foto: LEIF GUSTAFSSON<\/p>\n<p>\u00d6ppna bild i helsk\u00e4rm<\/p>\n<p>En tv\u00e4ttbj\u00f6rn har f\u00e5ngats p\u00e5 kamera i Ljungsbro utanf\u00f6r Link\u00f6ping. Det rapporterar<a href=\"https:\/\/www.sverigesradio.se\/artikel\/tvattbjorn-har-setts-utanfor-ljungsbro-jagare-soker-spar\" rel=\"nofollow noopener\" target=\"_blank\"> P4 \u00d6sterg\u00f6tland<\/a>.<\/p>\n<p>Det \u00e4r f\u00f6rsta g\u00e5ngen en tv\u00e4ttbj\u00f6rn har synts till i Sverige sedan 2013. D\u00e5 var det V\u00e4stervik som fick ov\u00e4ntat bes\u00f6k.<\/p>\n<p>Men arten klassas som invasiv och m\u00e5ste avlivas enligt EU-lagstiftning. D\u00e4rf\u00f6r har nu en jakt p\u00e5 tv\u00e4ttbj\u00f6rnen inletts.<\/p>\n<p><a href=\"https:\/\/www.expressen.se\/tagg\/organization\/svenska-jagareforbundet\/\" class=\"\" rel=\"nofollow noopener\" target=\"_blank\">Svenska J\u00e4garef\u00f6rbundet<\/a> ska med hj\u00e4lp av kameror och f\u00e5ngstredskap lokalisera och avliva den.<\/p>\n<p>Teorin: Tv\u00e4ttbj\u00f6rnen har varit ett husdjur<\/p>\n<p>Per-Arne \u00c5hl\u00e9n, projektledare f\u00f6r invasiva arter vid f\u00f6rbundet, tror att det r\u00f6r sig om ett illegalt husdjur som sl\u00e4ppts ut.<\/p>\n<p>\u2013 Det \u00e4r extremt ovanligt, s\u00e4ger han till P4.<\/p>\n<p>Tv\u00e4ttbj\u00f6rnen uppt\u00e4cktes under s\u00f6kandet efter en f\u00f6rsvunnen katt. En person hade d\u00e5 f\u00e5tt l\u00e5na viltkameror, men i st\u00e4llet f\u00f6r katten uppt\u00e4cktes det s\u00e4llsynta djuret.<\/p>\n<p>\u2013 Vi kommer ta den till slut, det finns inget tvivel om det, s\u00e4ger Per-Arne \u00c5hl\u00e9n.<\/p>\n<p>Vilda tv\u00e4ttbj\u00f6rnar kan b\u00e4ra p\u00e5 parasiter och rabies, och kan orsaka stor skada p\u00e5 ekosystemet om de f\u00e5r spridning. Arten h\u00e5ller vanligtvis till i Nord- och Centralamerika.<\/p>\n<p>Om man f\u00e5r syn p\u00e5 djuret i Sverige ska man rapportera det till Svenska j\u00e4garef\u00f6rbundet.<\/p>\n","protected":false},"excerpt":{"rendered":"Publicerad 9 dec 2025 kl 19.00 En tv\u00e4ttbj\u00f6rn har synts till i Sverige f\u00f6r f\u00f6rsta g\u00e5ngen p\u00e5 12&hellip;\n","protected":false},"author":2,"featured_media":101364,"comment_status":"","ping_status":"","sticky":false,"template":"","format":"standard","meta":{"footnotes":""},"categories":[5],"tags":[22,23,26,27,17,21,24,25,212,28,29,15,16,526,18,34,154,31,33,32,30,19,527,973,20],"class_list":{"0":"post-101363","1":"post","2":"type-post","3":"status-publish","4":"format-standard","5":"has-post-thumbnail","7":"category-rubriker","8":"tag-breaking-news","9":"tag-breakingnews","10":"tag-featured-news","11":"tag-featurednews","12":"tag-headlines","13":"tag-huvudnyheter","14":"tag-latest-news","15":"tag-latestnews","16":"tag-location-sverige","17":"tag-main-news","18":"tag-mainnews","19":"tag-news","20":"tag-nyheter","21":"tag-organization-svenska-jagareforbundet","22":"tag-rubriker","23":"tag-se","24":"tag-sections-sverige","25":"tag-svenska","26":"tag-sverige","27":"tag-sweden","28":"tag-swedish","29":"tag-top-stories","30":"tag-topic-djur-natur","31":"tag-topic-eu-fragor","32":"tag-topstories"},"share_on_mastodon":{"url":"https:\/\/pubeurope.com\/@se\/115691280336290152","error":""},"_links":{"self":[{"href":"https:\/\/www.europesays.com\/se\/wp-json\/wp\/v2\/posts\/101363","targetHints":{"allow":["GET"]}}],"collection":[{"href":"https:\/\/www.europesays.com\/se\/wp-json\/wp\/v2\/posts"}],"about":[{"href":"https:\/\/www.europesays.com\/se\/wp-json\/wp\/v2\/types\/post"}],"author":[{"embeddable":true,"href":"https:\/\/www.europesays.com\/se\/wp-json\/wp\/v2\/users\/2"}],"replies":[{"embeddable":true,"href":"https:\/\/www.europesays.com\/se\/wp-json\/wp\/v2\/comments?post=101363"}],"version-history":[{"count":0,"href":"https:\/\/www.europesays.com\/se\/wp-json\/wp\/v2\/posts\/101363\/revisions"}],"wp:featuredmedia":[{"embeddable":true,"href":"https:\/\/www.europesays.com\/se\/wp-json\/wp\/v2\/media\/101364"}],"wp:attachment":[{"href":"https:\/\/www.europesays.com\/se\/wp-json\/wp\/v2\/media?parent=101363"}],"wp:term":[{"taxonomy":"category","embeddable":true,"href":"https:\/\/www.europesays.com\/se\/wp-json\/wp\/v2\/categories?post=101363"},{"taxonomy":"post_tag","embeddable":true,"href":"https:\/\/www.europesays.com\/se\/wp-json\/wp\/v2\/tags?post=101363"}],"curies":[{"name":"wp","href":"https:\/\/api.w.org\/{rel}","templated":true}]}}