{"id":101383,"date":"2025-12-09T20:00:07","date_gmt":"2025-12-09T20:00:07","guid":{"rendered":"https:\/\/www.europesays.com\/se\/101383\/"},"modified":"2025-12-09T20:00:07","modified_gmt":"2025-12-09T20:00:07","slug":"dragomir-mrsics-utbrott-mot-alexandra-pascalidou-i-forradarna","status":"publish","type":"post","link":"https:\/\/www.europesays.com\/se\/101383\/","title":{"rendered":"Dragomir Mrsics utbrott mot Alexandra Pascalidou i F\u00f6rr\u00e4darna"},"content":{"rendered":"<p>Publicerad 9 dec 2025 kl 20.45<\/p>\n<p>Alexandra Pascalidou ska sl\u00e5 huvudet p\u00e5 spiken i \u201dF\u00f6rr\u00e4darna\u201d. D\u00e5 tappar hon det \u2013 fullst\u00e4ndigt.<\/p>\n<p>\u2013 Aaaaah! skriker programledaren Dragomir Mrisc n\u00e4r han f\u00e5r syn p\u00e5 beteendet.<\/p>\n<p>\u2013 Du \u00e4r diskad \u2013 i v\u00e4g med dig.<\/p>\n<p>Senaste klippen fr\u00e5n Expressen inom n\u00f6je.<img   alt=\"\"\/><\/p>\n<p>Pascaliduo bankar.<\/p>\n<p>Foto: TV4<\/p>\n<p>\u00d6ppna bild i helsk\u00e4rm<img loading=\"lazy\"   alt=\"\"\/><\/p>\n<p>Dragomir Mrsic reagerar starkt.<\/p>\n<p>Foto: TV4<\/p>\n<p>\u00d6ppna bild i helsk\u00e4rm<img loading=\"lazy\"   alt=\"\"\/><\/p>\n<p>Efter\u00e5t diskas Pascaliduo.<\/p>\n<p>Foto: TV4<\/p>\n<p>\u00d6ppna bild i helsk\u00e4rm<\/p>\n<p>I tisdagens avsnitt av \u201dF\u00f6rr\u00e4darna\u201d \u2013 det n\u00e4st sista f\u00f6r s\u00e4songen \u2013 sl\u00e5r det fullst\u00e4ndigt slint f\u00f6r Alexandra Pascaliduo, 55. Hon t\u00e4vlar mot Malick Afocozi och Matilda Allan om att vinna dolken.<\/p>\n<p>T\u00e4vlingen g\u00e5r ut p\u00e5 att sl\u00e5 ner en spik med en hammare. Deltagarna f\u00e5r bara sl\u00e5 ett slag i taget innan det \u00e4r n\u00e4sta persons tur.<\/p>\n<p>Men d\u00e5 tar frustrationen \u00f6ver f\u00f6r Alexandra Pascaliduo \u2013 som bankar en, tv\u00e5, tre och fyra g\u00e5nger i rad.<\/p>\n<p><img loading=\"lazy\"   alt=\"\"\/><\/p>\n<p>Alexandra Pascaliduo sk\u00e4mdes efter tilltaget.<\/p>\n<p>Foto: TV4<\/p>\n<p>\u00d6ppna bild i helsk\u00e4rm<\/p>\n<p>Programledaren <a href=\"https:\/\/www.expressen.se\/tagg\/person\/dragomir-mrsic\/\" class=\"\" rel=\"nofollow noopener\" target=\"_blank\">Dragomir Mrsic<\/a> ropar h\u00f6gt:<\/p>\n<p>\u2013 Aaaaah!<\/p>\n<p>\u2013 Jag fullkomligt tappade det. S\u00e5 frustrerad, s\u00e5 desperat, s\u00e4ger Pascalidou efter\u00e5t.<\/p>\n<p>\u2013 F\u00f6rl\u00e5t allihopa, s\u00e4ger hon till de andra deltagarna.<\/p>\n<p>Deltagaren och tv-kocken Tom Sj\u00f6stedt:<\/p>\n<p>\u2013 Jag tror inte hon missuppfattade, jag tror inte hon sket i det \u2013 jag tror bara det var ren j\u00e4kla frustration. Har man en stor j\u00e4vla fet hammare och inte tr\u00e4ffar en spik, d\u00e5 fattar jag frustrationen.<\/p>\n<p>\u201dI v\u00e4g med dig\u201d<\/p>\n<p>Sedan \u00e4r Dragomir Mrsic tydlig:<\/p>\n<p>\u2013 Alexandra, du fuskade. Gago gillar inte fuskare. Du \u00e4r diskad \u2013 i v\u00e4g med dig.<\/p>\n<p>Efter\u00e5t sk\u00e4ms Pascaliduo.<\/p>\n<p>\u2013 Riktigt pinsamt att bli diskad f\u00f6r att man bryter mot regler. Nej, det\u2026 \u00e5h, s\u00e4ger hon.<\/p>\n","protected":false},"excerpt":{"rendered":"Publicerad 9 dec 2025 kl 20.45 Alexandra Pascalidou ska sl\u00e5 huvudet p\u00e5 spiken i \u201dF\u00f6rr\u00e4darna\u201d. D\u00e5 tappar hon&hellip;\n","protected":false},"author":2,"featured_media":101384,"comment_status":"","ping_status":"","sticky":false,"template":"","format":"standard","meta":{"footnotes":""},"categories":[67],"tags":[104,4034,4182,34,645,31,33,32,30,646,105],"class_list":{"0":"post-101383","1":"post","2":"type-post","3":"status-publish","4":"format-standard","5":"has-post-thumbnail","7":"category-underhallning","8":"tag-entertainment","9":"tag-organization-forradarna","10":"tag-person-dragomir-mrsic","11":"tag-se","12":"tag-sections-tv","13":"tag-svenska","14":"tag-sverige","15":"tag-sweden","16":"tag-swedish","17":"tag-topic-tv-serier","18":"tag-underhallning"},"share_on_mastodon":{"url":"https:\/\/pubeurope.com\/@se\/115691390467701298","error":""},"_links":{"self":[{"href":"https:\/\/www.europesays.com\/se\/wp-json\/wp\/v2\/posts\/101383","targetHints":{"allow":["GET"]}}],"collection":[{"href":"https:\/\/www.europesays.com\/se\/wp-json\/wp\/v2\/posts"}],"about":[{"href":"https:\/\/www.europesays.com\/se\/wp-json\/wp\/v2\/types\/post"}],"author":[{"embeddable":true,"href":"https:\/\/www.europesays.com\/se\/wp-json\/wp\/v2\/users\/2"}],"replies":[{"embeddable":true,"href":"https:\/\/www.europesays.com\/se\/wp-json\/wp\/v2\/comments?post=101383"}],"version-history":[{"count":0,"href":"https:\/\/www.europesays.com\/se\/wp-json\/wp\/v2\/posts\/101383\/revisions"}],"wp:featuredmedia":[{"embeddable":true,"href":"https:\/\/www.europesays.com\/se\/wp-json\/wp\/v2\/media\/101384"}],"wp:attachment":[{"href":"https:\/\/www.europesays.com\/se\/wp-json\/wp\/v2\/media?parent=101383"}],"wp:term":[{"taxonomy":"category","embeddable":true,"href":"https:\/\/www.europesays.com\/se\/wp-json\/wp\/v2\/categories?post=101383"},{"taxonomy":"post_tag","embeddable":true,"href":"https:\/\/www.europesays.com\/se\/wp-json\/wp\/v2\/tags?post=101383"}],"curies":[{"name":"wp","href":"https:\/\/api.w.org\/{rel}","templated":true}]}}