{"id":101399,"date":"2025-12-09T20:55:08","date_gmt":"2025-12-09T20:55:08","guid":{"rendered":"https:\/\/www.europesays.com\/se\/101399\/"},"modified":"2025-12-09T20:55:08","modified_gmt":"2025-12-09T20:55:08","slug":"lennart-karl-historisk-med-tre-raka-mal-i-champions-league","status":"publish","type":"post","link":"https:\/\/www.europesays.com\/se\/101399\/","title":{"rendered":"Lennart Karl historisk \u2013 med tre raka m\u00e5l i Champions League"},"content":{"rendered":"<p><strong>Lennart Karl \u00e4r 17 \u00e5r och 290 dagar gammal. <br \/>Nu har han gjort m\u00e5l i tre raka Champions League-matcher. <br \/>Det \u00e4r han yngst att g\u00f6ra n\u00e5gonsin. <\/strong><\/p>\n<p><img loading=\"lazy\" decoding=\"async\" width=\"1024\" height=\"576\" src=\"https:\/\/www.europesays.com\/se\/wp-content\/uploads\/2025\/12\/karl-1024x576.jpg\" alt=\"\" class=\"wp-image-349019\"  \/>Foto: Bildbyr\u00e5n<\/p>\n<p>I matchen mellan <a href=\"https:\/\/fotbolldirekt.se\/klubb\/bayern-munchen\/\" rel=\"nofollow noopener\" target=\"_blank\">Bayern M\u00fcnchen<\/a> och <a href=\"https:\/\/fotbolldirekt.se\/klubb\/club-brugge\/\" rel=\"nofollow noopener\" target=\"_blank\">Club Br\u00fcgge<\/a> gjorde han matchens f\u00f6rsta m\u00e5l i vad som senare blev en 4-0-seger. <\/p>\n<p>I matchen mot <a href=\"https:\/\/fotbolldirekt.se\/klubb\/arsenal\/\" rel=\"nofollow noopener\" target=\"_blank\">Arsenal<\/a> gjorde han den tyska storklubbens enda m\u00e5l n\u00e4r man f\u00f6ll med 3-1.<\/p>\n<p>Idag st\u00e4lldes <strong>Lennart Karl<\/strong> och hans Bayern M\u00fcnchen hemma mot Sporting i <a href=\"https:\/\/fotbolldirekt.se\/champions-league\/\" rel=\"nofollow noopener\" target=\"_blank\">Champions League<\/a>. D\u00e5 skulle den 17-\u00e5rige talangen h\u00e5lla sig framme \u00e4nnu en g\u00e5ng.<\/p>\n<p>Matchuret visade 69 minuter n\u00e4r Karl s\u00f6g ner en boll i boxen och drog upp den invid det f\u00f6rsta krysset. M\u00e5let innebar att Bayern hade v\u00e4nt underl\u00e4ge till en 2-1-ledning och var ocks\u00e5 <strong>hans tredje raka i Champions League<\/strong> i matcher han har varit involverad i. <\/p>\n<p>Det g\u00f6r Lennart Karl till <strong>den<\/strong> <strong>yngsta n\u00e5gonsin att ha gjort m\u00e5l i tre raka Champions League-matcher<\/strong>. Bayern M\u00fcnchen vann matchen med 3-1.<\/p>\n<blockquote class=\"twitter-tweet\">\n<p lang=\"en\" dir=\"ltr\">Lennart Karl is the youngest-ever player to score in three consecutive Champions League games \u2b50\ufe0f <\/p>\n<p>Just 17 years and 290 days old. <a href=\"https:\/\/t.co\/3yBRJWjw5A\" rel=\"nofollow\">pic.twitter.com\/3yBRJWjw5A<\/a><\/p>\n<p>\u2014 Football on TNT Sports (@footballontnt) <a href=\"https:\/\/twitter.com\/footballontnt\/status\/1998474296004587860?ref_src=twsrc%5Etfw\" rel=\"nofollow noopener\" target=\"_blank\">December 9, 2025<\/a><\/p>\n<\/blockquote>\n<p><script async src=\"https:\/\/platform.twitter.com\/widgets.js\" charset=\"utf-8\"><\/script><\/p>\n","protected":false},"excerpt":{"rendered":"Lennart Karl \u00e4r 17 \u00e5r och 290 dagar gammal. Nu har han gjort m\u00e5l i tre raka Champions&hellip;\n","protected":false},"author":2,"featured_media":101400,"comment_status":"","ping_status":"","sticky":false,"template":"","format":"standard","meta":{"footnotes":""},"categories":[68],"tags":[34,411,111,110,31,33,32,30],"class_list":{"0":"post-101399","1":"post","2":"type-post","3":"status-publish","4":"format-standard","5":"has-post-thumbnail","7":"category-sport","8":"tag-se","9":"tag-senaste-nytt","10":"tag-sport","11":"tag-sports","12":"tag-svenska","13":"tag-sverige","14":"tag-sweden","15":"tag-swedish"},"share_on_mastodon":{"url":"https:\/\/pubeurope.com\/@se\/115691606911991660","error":""},"_links":{"self":[{"href":"https:\/\/www.europesays.com\/se\/wp-json\/wp\/v2\/posts\/101399","targetHints":{"allow":["GET"]}}],"collection":[{"href":"https:\/\/www.europesays.com\/se\/wp-json\/wp\/v2\/posts"}],"about":[{"href":"https:\/\/www.europesays.com\/se\/wp-json\/wp\/v2\/types\/post"}],"author":[{"embeddable":true,"href":"https:\/\/www.europesays.com\/se\/wp-json\/wp\/v2\/users\/2"}],"replies":[{"embeddable":true,"href":"https:\/\/www.europesays.com\/se\/wp-json\/wp\/v2\/comments?post=101399"}],"version-history":[{"count":0,"href":"https:\/\/www.europesays.com\/se\/wp-json\/wp\/v2\/posts\/101399\/revisions"}],"wp:featuredmedia":[{"embeddable":true,"href":"https:\/\/www.europesays.com\/se\/wp-json\/wp\/v2\/media\/101400"}],"wp:attachment":[{"href":"https:\/\/www.europesays.com\/se\/wp-json\/wp\/v2\/media?parent=101399"}],"wp:term":[{"taxonomy":"category","embeddable":true,"href":"https:\/\/www.europesays.com\/se\/wp-json\/wp\/v2\/categories?post=101399"},{"taxonomy":"post_tag","embeddable":true,"href":"https:\/\/www.europesays.com\/se\/wp-json\/wp\/v2\/tags?post=101399"}],"curies":[{"name":"wp","href":"https:\/\/api.w.org\/{rel}","templated":true}]}}