{"id":101454,"date":"2025-12-09T22:34:11","date_gmt":"2025-12-09T22:34:11","guid":{"rendered":"https:\/\/www.europesays.com\/se\/101454\/"},"modified":"2025-12-09T22:34:11","modified_gmt":"2025-12-09T22:34:11","slug":"julmingel-i-midsommargardens-stora-sal","status":"publish","type":"post","link":"https:\/\/www.europesays.com\/se\/101454\/","title":{"rendered":"Julmingel i Midsommarg\u00e5rdens stora sal"},"content":{"rendered":"<p>\t\t\t<img loading=\"lazy\" decoding=\"async\" width=\"1080\" height=\"300\" src=\"https:\/\/www.europesays.com\/se\/wp-content\/uploads\/2025\/12\/unnamed-2.jpg\" class=\"attachment-full size-full wp-post-image\" alt=\"\"  \/><\/p>\n<p dir=\"auto\">V\u00e4lkommen till Midsommarg\u00e5rdens och StudioUngs<strong>\u00a0<\/strong>julmingel<strong>\u00a0<\/strong>\u2013 f\u00f6r v\u00e5ra medlemmar och samarbetspartners!<\/p>\n<p id=\"m_-2485396717553594054m_1733000585747786641m_-4968085892137379286m_6924063827838358360viewer-yg8tr1150\" dir=\"auto\">F\u00f6rutom trevligt s\u00e4llskap och ett och annat mumsigt julbakverk kommer du f\u00e5 m\u00f6jlighet att stiga in i\u00a0<a href=\"https:\/\/track.pstmrk.it\/3s\/www.midsommargarden.se%2Fstudioung\/FoWg\/ttTBAQ\/AQ\/6a949485-eea3-4808-b749-a1401f697a9b\/1\/D4GWQUrNgW\" target=\"_blank\" rel=\"noopener nofollow\" data-saferedirecturl=\"https:\/\/www.google.com\/url?q=https:\/\/track.pstmrk.it\/3s\/www.midsommargarden.se%252Fstudioung\/FoWg\/ttTBAQ\/AQ\/6a949485-eea3-4808-b749-a1401f697a9b\/1\/D4GWQUrNgW&amp;source=gmail&amp;ust=1765368112872000&amp;usg=AOvVaw1MmT4IXFLCgFRK4bKR84qq\">StudioUngs<\/a>\u00a0kreativa v\u00e4rld. I den v\u00e4rlden \u00e4r konsten ett uttryck och en plats f\u00f6r b\u00e5de vila och energi. D\u00e4r kan du uttrycka dig genom olika konstformer. Var med och s\u00e4tt f\u00e4rg p\u00e5 marionettdockor, besk\u00e5da en mix av figuralmattor och mjukare tyger i en annorlunda kl\u00e4dkollektion och se en f\u00f6rest\u00e4llning i miniatyr. Allt tillsammans med StudioUngs deltagare och pedagoger. Du \u00e4r med s\u00e5 mycket eller s\u00e5 lite du \u00f6nskar, p\u00e5 StudioUng finns\u00a0inga tv\u00e5ng och inga m\u00e5sten.<br \/><strong>Juligt v\u00e4lkommen!<\/strong><\/p>\n<p id=\"m_-2485396717553594054m_1733000585747786641m_-4968085892137379286m_6924063827838358360viewer-gb3hb806\" dir=\"auto\">Stanna en stund eller under hela minglet. F\u00f6ranm\u00e4lan beh\u00f6vs \u2013\u00a0<a href=\"https:\/\/track.pstmrk.it\/3s\/www.midsommargarden.se%2Fevents%2Fjulmingel2025\/FoWg\/ttTBAQ\/AQ\/6a949485-eea3-4808-b749-a1401f697a9b\/2\/8zONrnjJru\" target=\"_blank\" rel=\"noopener nofollow\" data-saferedirecturl=\"https:\/\/www.google.com\/url?q=https:\/\/track.pstmrk.it\/3s\/www.midsommargarden.se%252Fevents%252Fjulmingel2025\/FoWg\/ttTBAQ\/AQ\/6a949485-eea3-4808-b749-a1401f697a9b\/2\/8zONrnjJru&amp;source=gmail&amp;ust=1765368112872000&amp;usg=AOvVaw3dnjWgNuTZjG5jIGDV1Iki\"><strong>OSA H\u00c4R\u00a0<\/strong><\/a><\/p>\n<p id=\"m_-2485396717553594054m_1733000585747786641m_-4968085892137379286m_6924063827838358360viewer-divx81177\" dir=\"auto\">Vid fr\u00e5gor, kontakta\u00a0<a href=\"https:\/\/www.battrestadsdel.se\/kalender\/julmingel-i-midsommargardens-stora-sal\/mailto:info@midsommargarden.se\" target=\"_blank\" rel=\"noopener noreferrer nofollow\">info@midsommargarden.se<\/a><\/p>\n","protected":false},"excerpt":{"rendered":"V\u00e4lkommen till Midsommarg\u00e5rdens och StudioUngs\u00a0julmingel\u00a0\u2013 f\u00f6r v\u00e5ra medlemmar och samarbetspartners! F\u00f6rutom trevligt s\u00e4llskap och ett och annat mumsigt&hellip;\n","protected":false},"author":2,"featured_media":101455,"comment_status":"","ping_status":"","sticky":false,"template":"","format":"standard","meta":{"footnotes":""},"categories":[66],"tags":[80,78,79,34,31,33,32,30,81,84,83,82],"class_list":{"0":"post-101454","1":"post","2":"type-post","3":"status-publish","4":"format-standard","5":"has-post-thumbnail","7":"category-vetenskap-och-teknik","8":"tag-science","9":"tag-science-and-technology","10":"tag-scienceandtechnology","11":"tag-se","12":"tag-svenska","13":"tag-sverige","14":"tag-sweden","15":"tag-swedish","16":"tag-technology","17":"tag-teknik","18":"tag-vetenskap","19":"tag-vetenskapteknik"},"share_on_mastodon":{"url":"https:\/\/pubeurope.com\/@se\/115691996198631515","error":""},"_links":{"self":[{"href":"https:\/\/www.europesays.com\/se\/wp-json\/wp\/v2\/posts\/101454","targetHints":{"allow":["GET"]}}],"collection":[{"href":"https:\/\/www.europesays.com\/se\/wp-json\/wp\/v2\/posts"}],"about":[{"href":"https:\/\/www.europesays.com\/se\/wp-json\/wp\/v2\/types\/post"}],"author":[{"embeddable":true,"href":"https:\/\/www.europesays.com\/se\/wp-json\/wp\/v2\/users\/2"}],"replies":[{"embeddable":true,"href":"https:\/\/www.europesays.com\/se\/wp-json\/wp\/v2\/comments?post=101454"}],"version-history":[{"count":0,"href":"https:\/\/www.europesays.com\/se\/wp-json\/wp\/v2\/posts\/101454\/revisions"}],"wp:featuredmedia":[{"embeddable":true,"href":"https:\/\/www.europesays.com\/se\/wp-json\/wp\/v2\/media\/101455"}],"wp:attachment":[{"href":"https:\/\/www.europesays.com\/se\/wp-json\/wp\/v2\/media?parent=101454"}],"wp:term":[{"taxonomy":"category","embeddable":true,"href":"https:\/\/www.europesays.com\/se\/wp-json\/wp\/v2\/categories?post=101454"},{"taxonomy":"post_tag","embeddable":true,"href":"https:\/\/www.europesays.com\/se\/wp-json\/wp\/v2\/tags?post=101454"}],"curies":[{"name":"wp","href":"https:\/\/api.w.org\/{rel}","templated":true}]}}