{"id":101476,"date":"2025-12-09T23:11:21","date_gmt":"2025-12-09T23:11:21","guid":{"rendered":"https:\/\/www.europesays.com\/se\/101476\/"},"modified":"2025-12-09T23:11:21","modified_gmt":"2025-12-09T23:11:21","slug":"avanza-konton-visade-noll-ett-nattjobb-som-gick-fel-breakit","status":"publish","type":"post","link":"https:\/\/www.europesays.com\/se\/101476\/","title":{"rendered":"Avanza-konton visade noll: &quot;Ett nattjobb som gick fel&quot; &#8211; Breakit"},"content":{"rendered":"<ol>\n<li><a href=\"https:\/\/news.google.com\/rss\/articles\/CBMikgFBVV95cUxNTWtha2xnR1FaMWt4UTBzd3dUaENpVmRHQ0hfdkhWR0JCTDdUNHBuUWdEeUF6Y09XOWJQN1JsZ0RkNjEybDBFMjVFbXBnX2F6NDN6Y3VIcWpIM0FiUnQ5UDl6MllTdmVfMHpvN0gtLUVuRDlWZUwzZ0tLalBDZTJzcVItSXBzWVdNOFpqWW5CcDJRZw?oc=5\" target=\"_blank\" rel=\"nofollow noopener\">Avanza-konton visade noll: &#8221;Ett nattjobb som gick fel&#8221;<\/a>&nbsp;&nbsp;Breakit<\/li>\n<li><a href=\"https:\/\/news.google.com\/rss\/articles\/CBMiigFBVV95cUxPZ0FfSm54WE5KUDhWWlRMSlhnY2xSNUFpZi1PUDFKR2VfeEZkVXpobXM4OTRhMlRlWmtObmY5eU1iUUdLSHpIOC1YQzFSV1RvWE1vc3ItT0tIR1ZScURJS2RacUNBZEFYNnVUZXJSbTJmMFdPSlhOX2tLRDFfdUdkRG9jSjhLWXBmNWc?oc=5\" target=\"_blank\" rel=\"nofollow noopener\">Problem f\u00f6r Avanza: \u201dHela arvet \u00e4r borta\u201d<\/a>&nbsp;&nbsp;Aftonbladet<\/li>\n<li><a href=\"https:\/\/news.google.com\/rss\/articles\/CBMidEFVX3lxTFBBZ0ZmWVVnSEF6eV9TMl9lNmE2cHZYR2Q3Tnl6dExnVHZtNUdZWnpHV09rcmJhWGswcTRLZDFXRG5KOEZacjlFOXZ4WUVXLWlqUUpQUV96QVo2XzBxQVdzcVNZRDlRa0ViYkZQWW1LejlySExR?oc=5\" target=\"_blank\" rel=\"nofollow noopener\">Strul med f\u00f6rsvunna pengar hos Avanza l\u00f6st<\/a>&nbsp;&nbsp;SVT Nyheter<\/li>\n<li><a href=\"https:\/\/news.google.com\/rss\/articles\/CBMilgFBVV95cUxPaE00Q0FvRVhJcFFDQXRlS1JnWGtiNmdoY0lybVAtVnZ0dUYxVzFURHJ2SUZZY3lLZXBNa3FfSzhjSVJiS2puWWtpbDllbHNrS1VPVzZnWVNCRF9TNVJia1lueTZtNV9haEVndXFBYWhZVnJROVZHX0wzNjZDZnVOazJLT3kyN3hfVkg3d2thRUNBWFRyb1E?oc=5\" target=\"_blank\" rel=\"nofollow noopener\">Problem f\u00f6r Avanzas n\u00e4tbank \u2013 saldo visar fel<\/a>&nbsp;&nbsp;GP<\/li>\n<li><a href=\"https:\/\/news.google.com\/rss\/articles\/CBMiogFBVV95cUxPVjJJTnFZdkczOXFPdmFuS2lidDhwNGZRVXViZGQ2M1A5MHUwVlV6UXNMQktDOG5sZ0xoT1F0RThkRGd5Z0lRQWZON3JDSURvQjY3eTN3Qzc5RkQ2dksydU9oSGFiRDczSmNTaDlHVXZSTU82QmpuSUZIbjFWQkctSXU3d1ROVXVBUG9BU012UFo3OXIyWWxfRldpbGwyeUJWLWc?oc=5\" target=\"_blank\" rel=\"nofollow noopener\">Hagstr\u00f6mer om b\u00f6rsreaktionen efter IT-strulet: &#8221;J\u00e4ttekonstig&#8221;<\/a>&nbsp;&nbsp;Placera.se<\/li>\n<\/ol>\n","protected":false},"excerpt":{"rendered":"Avanza-konton visade noll: &#8221;Ett nattjobb som gick fel&#8221;&nbsp;&nbsp;Breakit Problem f\u00f6r Avanza: \u201dHela arvet \u00e4r borta\u201d&nbsp;&nbsp;Aftonbladet Strul med f\u00f6rsvunna&hellip;\n","protected":false},"author":2,"featured_media":101477,"comment_status":"","ping_status":"","sticky":false,"template":"","format":"standard","meta":{"footnotes":""},"categories":[5],"tags":[22,23,87,88,26,27,17,21,91,90,24,25,28,29,15,16,92,18,34,89,86,31,33,32,30,85,19,20],"class_list":{"0":"post-101476","1":"post","2":"type-post","3":"status-publish","4":"format-standard","5":"has-post-thumbnail","7":"category-rubriker","8":"tag-breaking-news","9":"tag-breakingnews","10":"tag-digital","11":"tag-entreprenor","12":"tag-featured-news","13":"tag-featurednews","14":"tag-headlines","15":"tag-huvudnyheter","16":"tag-king","17":"tag-klarna","18":"tag-latest-news","19":"tag-latestnews","20":"tag-main-news","21":"tag-mainnews","22":"tag-news","23":"tag-nyheter","24":"tag-riskkapital","25":"tag-rubriker","26":"tag-se","27":"tag-spotify","28":"tag-startups","29":"tag-svenska","30":"tag-sverige","31":"tag-sweden","32":"tag-swedish","33":"tag-tech","34":"tag-top-stories","35":"tag-topstories"},"share_on_mastodon":{"url":"https:\/\/pubeurope.com\/@se\/115692141525391820","error":""},"_links":{"self":[{"href":"https:\/\/www.europesays.com\/se\/wp-json\/wp\/v2\/posts\/101476","targetHints":{"allow":["GET"]}}],"collection":[{"href":"https:\/\/www.europesays.com\/se\/wp-json\/wp\/v2\/posts"}],"about":[{"href":"https:\/\/www.europesays.com\/se\/wp-json\/wp\/v2\/types\/post"}],"author":[{"embeddable":true,"href":"https:\/\/www.europesays.com\/se\/wp-json\/wp\/v2\/users\/2"}],"replies":[{"embeddable":true,"href":"https:\/\/www.europesays.com\/se\/wp-json\/wp\/v2\/comments?post=101476"}],"version-history":[{"count":0,"href":"https:\/\/www.europesays.com\/se\/wp-json\/wp\/v2\/posts\/101476\/revisions"}],"wp:featuredmedia":[{"embeddable":true,"href":"https:\/\/www.europesays.com\/se\/wp-json\/wp\/v2\/media\/101477"}],"wp:attachment":[{"href":"https:\/\/www.europesays.com\/se\/wp-json\/wp\/v2\/media?parent=101476"}],"wp:term":[{"taxonomy":"category","embeddable":true,"href":"https:\/\/www.europesays.com\/se\/wp-json\/wp\/v2\/categories?post=101476"},{"taxonomy":"post_tag","embeddable":true,"href":"https:\/\/www.europesays.com\/se\/wp-json\/wp\/v2\/tags?post=101476"}],"curies":[{"name":"wp","href":"https:\/\/api.w.org\/{rel}","templated":true}]}}