{"id":101510,"date":"2025-12-10T02:17:36","date_gmt":"2025-12-10T02:17:36","guid":{"rendered":"https:\/\/www.europesays.com\/se\/101510\/"},"modified":"2025-12-10T02:17:36","modified_gmt":"2025-12-10T02:17:36","slug":"officiellt-simon-strand-klar-for-brommapojkarna","status":"publish","type":"post","link":"https:\/\/www.europesays.com\/se\/101510\/","title":{"rendered":"Officiellt: Simon Strand klar f\u00f6r Brommapojkarna"},"content":{"rendered":"<p>Ytterbackens kontrakt med klubben l\u00f6per dock ut vid \u00e5rsskiftet, och f\u00f6rra veckan stod det klart att det inte blir n\u00e5gon f\u00f6rl\u00e4ngning.<\/p>\n<p>Strand blir dock kvar i Allsvenskan. <a href=\"https:\/\/fotbolltransfers.com\/klubbar\/land\/if-brommapojkarna\/26\" rel=\"nofollow noopener\" target=\"_blank\">IF Brommapojkarna<\/a> meddelar p\u00e5 sin officiella hemsida att ytterbacken ansluter till klubben.<\/p>\n<p>32-\u00e5ringen har skrivit p\u00e5 ett kontrakt som str\u00e4cker sig \u00f6ver 2027.<\/p>\n<p>\u2013 Det som lockade mig med BP var att de har ett ungt och sp\u00e4nnande lag. Jag k\u00e4nner att jag kan komma in och bidra med mycket rutin och hj\u00e4lpa till att g\u00f6ra laget \u00e4nnu b\u00e4ttre. Det k\u00e4nns som en sp\u00e4nnande framtid, s\u00e4ger nyf\u00f6rv\u00e4rvet om flytten och forts\u00e4tter:<\/p>\n<p>\u2013 Mitt f\u00f6rsta intryck \u00e4r att alla \u00e4r v\u00e4ldigt sn\u00e4lla. Jag har tyv\u00e4rr inte tr\u00e4ffat spelarna \u00e4n, men jag har st\u00f6tt p\u00e5 flera av dem och m\u00e5nga av ledarna under de g\u00e5nger jag har varit h\u00e4r och spelat. Allting k\u00e4nns v\u00e4ldigt familj\u00e4rt, \u00e4ven fast jag inte har varit h\u00e4r p\u00e5 den h\u00e4r sidan innan.<\/p>\n<p>Brommapojkarnas klubbdirekt\u00f6r Peter Kleve passar p\u00e5 att uttala sig om v\u00e4rvningen.<\/p>\n<blockquote>\n<p>Precis den profil vi har s\u00f6kt.<\/p>\n<\/blockquote>\n<p>\u2013 Vi \u00e4r v\u00e4ldigt glada att Simon v\u00e4ljer BP. Han \u00e4r en spelare och person som vi vill ha i gruppen och i klubben. Det \u00e4r precis den profil vi har s\u00f6kt. Simon kommer att bidra b\u00e5de p\u00e5 och utanf\u00f6r planen. Varmt v\u00e4lkommen, s\u00e4ger han.<\/p>\n<p>Strand \u00e4r Brommapojkarnas f\u00f6rsta nyf\u00f6rv\u00e4rv f\u00f6r vintern. Sedan tidigare st\u00e5r det klart att bland annat Daleho Irandust och Ezekiel Alladoh l\u00e4mnar klubben.<\/p>\n<p>Den g\u00e5ngna s\u00e4songen slutade Brommapojkarna p\u00e5 tolfte plats i Allsvenskan.<\/p>\n","protected":false},"excerpt":{"rendered":"Ytterbackens kontrakt med klubben l\u00f6per dock ut vid \u00e5rsskiftet, och f\u00f6rra veckan stod det klart att det inte&hellip;\n","protected":false},"author":2,"featured_media":101511,"comment_status":"","ping_status":"","sticky":false,"template":"","format":"standard","meta":{"footnotes":""},"categories":[5],"tags":[22,23,26,27,17,21,24,25,28,29,15,16,18,34,31,33,32,30,19,20],"class_list":{"0":"post-101510","1":"post","2":"type-post","3":"status-publish","4":"format-standard","5":"has-post-thumbnail","7":"category-rubriker","8":"tag-breaking-news","9":"tag-breakingnews","10":"tag-featured-news","11":"tag-featurednews","12":"tag-headlines","13":"tag-huvudnyheter","14":"tag-latest-news","15":"tag-latestnews","16":"tag-main-news","17":"tag-mainnews","18":"tag-news","19":"tag-nyheter","20":"tag-rubriker","21":"tag-se","22":"tag-svenska","23":"tag-sverige","24":"tag-sweden","25":"tag-swedish","26":"tag-top-stories","27":"tag-topstories"},"share_on_mastodon":{"url":"https:\/\/pubeurope.com\/@se\/115692872992106262","error":""},"_links":{"self":[{"href":"https:\/\/www.europesays.com\/se\/wp-json\/wp\/v2\/posts\/101510","targetHints":{"allow":["GET"]}}],"collection":[{"href":"https:\/\/www.europesays.com\/se\/wp-json\/wp\/v2\/posts"}],"about":[{"href":"https:\/\/www.europesays.com\/se\/wp-json\/wp\/v2\/types\/post"}],"author":[{"embeddable":true,"href":"https:\/\/www.europesays.com\/se\/wp-json\/wp\/v2\/users\/2"}],"replies":[{"embeddable":true,"href":"https:\/\/www.europesays.com\/se\/wp-json\/wp\/v2\/comments?post=101510"}],"version-history":[{"count":0,"href":"https:\/\/www.europesays.com\/se\/wp-json\/wp\/v2\/posts\/101510\/revisions"}],"wp:featuredmedia":[{"embeddable":true,"href":"https:\/\/www.europesays.com\/se\/wp-json\/wp\/v2\/media\/101511"}],"wp:attachment":[{"href":"https:\/\/www.europesays.com\/se\/wp-json\/wp\/v2\/media?parent=101510"}],"wp:term":[{"taxonomy":"category","embeddable":true,"href":"https:\/\/www.europesays.com\/se\/wp-json\/wp\/v2\/categories?post=101510"},{"taxonomy":"post_tag","embeddable":true,"href":"https:\/\/www.europesays.com\/se\/wp-json\/wp\/v2\/tags?post=101510"}],"curies":[{"name":"wp","href":"https:\/\/api.w.org\/{rel}","templated":true}]}}