{"id":101518,"date":"2025-12-10T02:27:10","date_gmt":"2025-12-10T02:27:10","guid":{"rendered":"https:\/\/www.europesays.com\/se\/101518\/"},"modified":"2025-12-10T02:27:10","modified_gmt":"2025-12-10T02:27:10","slug":"infantino-anmals-efter-smickret-av-trump","status":"publish","type":"post","link":"https:\/\/www.europesays.com\/se\/101518\/","title":{"rendered":"Infantino anm\u00e4ls efter smickret av Trump"},"content":{"rendered":"<p>Internationella fotbollsf\u00f6rbundets (Fifa) ordf\u00f6rande Gianni Infantino anm\u00e4ls till Fifas etiska kommitt\u00e9 efter att han bland annat instiftat ett fredspris och gett det till Donald Trump, rapporterar TT. <\/p>\n<p>Infantino st\u00e4ller sig bakom sin \u201dmycket gode v\u00e4ns\u201d h\u00f6gst tveksamma p\u00e5st\u00e5ende att han har stoppat \u00e5tta krig. Han lobbade \u00e4ven f\u00f6r att Trump skulle tilldelas Nobels fredspris, och delade ut Fifa-fredspriset n\u00e4r det stod klart att han inte skulle f\u00e5 det. <\/p>\n<p>Hela historien f\u00e5r m\u00e4nniskor\u00e4ttsorganisationen Fairsquare att dra \u00f6ronen \u00e5t sig. De har skickat in en officiell anklagelse om att Infantino bryter mot Fifas regel om att vara politiskt neutral. <\/p>\n<p>Omni \u00e4r politiskt obundna och oberoende. Vi str\u00e4var efter att ge fler perspektiv p\u00e5 nyheterna. Har du fr\u00e5gor eller synpunkter kring v\u00e5r rapportering? <a href=\"https:\/\/omni.se\/infantino-anmals-efter-smickret-av-trump\/a\/mailto:redaktion@omni.se\" class=\"ArticleActions_contactLink__W2F1M\" rel=\"nofollow noopener\" target=\"_blank\">Kontakta redaktionen<\/a><\/p>\n","protected":false},"excerpt":{"rendered":"Internationella fotbollsf\u00f6rbundets (Fifa) ordf\u00f6rande Gianni Infantino anm\u00e4ls till Fifas etiska kommitt\u00e9 efter att han bland annat instiftat ett&hellip;\n","protected":false},"author":2,"featured_media":101519,"comment_status":"","ping_status":"","sticky":false,"template":"","format":"standard","meta":{"footnotes":""},"categories":[68],"tags":[387,385,138,1625,34,111,110,31,33,32,30,386],"class_list":{"0":"post-101518","1":"post","2":"type-post","3":"status-publish","4":"format-standard","5":"has-post-thumbnail","7":"category-sport","8":"tag-amerikansk-politik","9":"tag-donald-trump","10":"tag-fotboll","11":"tag-gianni-infantino","12":"tag-se","13":"tag-sport","14":"tag-sports","15":"tag-svenska","16":"tag-sverige","17":"tag-sweden","18":"tag-swedish","19":"tag-trumps-usa"},"share_on_mastodon":{"url":"https:\/\/pubeurope.com\/@se\/115692912207827741","error":""},"_links":{"self":[{"href":"https:\/\/www.europesays.com\/se\/wp-json\/wp\/v2\/posts\/101518","targetHints":{"allow":["GET"]}}],"collection":[{"href":"https:\/\/www.europesays.com\/se\/wp-json\/wp\/v2\/posts"}],"about":[{"href":"https:\/\/www.europesays.com\/se\/wp-json\/wp\/v2\/types\/post"}],"author":[{"embeddable":true,"href":"https:\/\/www.europesays.com\/se\/wp-json\/wp\/v2\/users\/2"}],"replies":[{"embeddable":true,"href":"https:\/\/www.europesays.com\/se\/wp-json\/wp\/v2\/comments?post=101518"}],"version-history":[{"count":0,"href":"https:\/\/www.europesays.com\/se\/wp-json\/wp\/v2\/posts\/101518\/revisions"}],"wp:featuredmedia":[{"embeddable":true,"href":"https:\/\/www.europesays.com\/se\/wp-json\/wp\/v2\/media\/101519"}],"wp:attachment":[{"href":"https:\/\/www.europesays.com\/se\/wp-json\/wp\/v2\/media?parent=101518"}],"wp:term":[{"taxonomy":"category","embeddable":true,"href":"https:\/\/www.europesays.com\/se\/wp-json\/wp\/v2\/categories?post=101518"},{"taxonomy":"post_tag","embeddable":true,"href":"https:\/\/www.europesays.com\/se\/wp-json\/wp\/v2\/tags?post=101518"}],"curies":[{"name":"wp","href":"https:\/\/api.w.org\/{rel}","templated":true}]}}