{"id":101524,"date":"2025-12-10T02:35:09","date_gmt":"2025-12-10T02:35:09","guid":{"rendered":"https:\/\/www.europesays.com\/se\/101524\/"},"modified":"2025-12-10T02:35:09","modified_gmt":"2025-12-10T02:35:09","slug":"barcelona-backen-i-israel-pa-andlig-resa-champions-league","status":"publish","type":"post","link":"https:\/\/www.europesays.com\/se\/101524\/","title":{"rendered":"Barcelona-backen i Israel p\u00e5 \u201dandlig resa\u201d | Champions League"},"content":{"rendered":"<p>Publicerad 9 dec 2025 kl 21.41Uppdaterad kl 23.05<\/p>\n<p>Ronald Araujo har k\u00e4mpat med sitt m\u00e5ende.<\/p>\n<p>Nu befinner sig Barcelona-spelaren i Israel p\u00e5 en \u201danlig resa\u201d, rapporterar <a href=\"https:\/\/www.marca.com\/futbol\/barcelona\/2025\/12\/09\/viaje-espiritual-araujo-israel.html\" rel=\"nofollow noopener\" target=\"_blank\">Marca.<\/a>\u00a0<\/p>\n<p><img   alt=\"\"\/> <\/p>\n<p>Foto: IMAGO\/PAUL PHELAN \/ IMAGO\/PRO SPORTS IMAGES WWW.IMAGO-IMAGES.DE<\/p>\n<p>\u00d6ppna bild i helsk\u00e4rm<\/p>\n<p>Barcelonas mittback Ronald Araujo har upplevt en tyngre period mentalt och \u00e4r just nu inte tillg\u00e4nglig f\u00f6r spel. En utl\u00f6sande faktor ska ha varit det r\u00f6da kort han \u00e5drog sig mot Chelsea i Champions League tidigare under h\u00f6sten.<\/p>\n<p>Enligt tidningen Marca blev han s\u00e5 illa ber\u00f6rd \u00f6ver att ha satt sitt lag i en d\u00e5lig sits att han efter matchen f\u00f6rklarade f\u00f6r ledarstaben att han beh\u00f6vde en paus.<\/p>\n<p>Nu har Araujo tagit beslutet att resa till Israel p\u00e5 en \u201dandlig resa\u201d f\u00f6r att hantera det faktum att han inte m\u00e5tt bra mentalt.\u00a0<\/p>\n<p>Den uruguayanske 26-\u00e5ringen \u00e4r djupt troende och hoppas att resan till Tel Aviv ska leda till bot och b\u00e4ttring. Tidningen Sport skriver att han han beh\u00f6vde f\u00e5 ett break fr\u00e5n Barcelona-omgivningen och pressen att b\u00e4ra kaptensbindeln f\u00f6r storklubben.<\/p>\n<p>\u2013 Det \u00e4r en privat sak. Jag vill inte s\u00e4ga mer. Om ni kan respektera det skulle jag uppskatta det, sa tr\u00e4naren Hansi Flick f\u00f6r en vecka sedan.<\/p>\n","protected":false},"excerpt":{"rendered":"Publicerad 9 dec 2025 kl 21.41Uppdaterad kl 23.05 Ronald Araujo har k\u00e4mpat med sitt m\u00e5ende. Nu befinner sig&hellip;\n","protected":false},"author":2,"featured_media":101525,"comment_status":"","ping_status":"","sticky":false,"template":"","format":"standard","meta":{"footnotes":""},"categories":[68],"tags":[3942,34,2110,129,111,110,31,33,32,30],"class_list":{"0":"post-101524","1":"post","2":"type-post","3":"status-publish","4":"format-standard","5":"has-post-thumbnail","7":"category-sport","8":"tag-organization-fc-barcelona","9":"tag-se","10":"tag-sections-championsleague","11":"tag-sections-fotboll","12":"tag-sport","13":"tag-sports","14":"tag-svenska","15":"tag-sverige","16":"tag-sweden","17":"tag-swedish"},"share_on_mastodon":{"url":"https:\/\/pubeurope.com\/@se\/115692943629876962","error":""},"_links":{"self":[{"href":"https:\/\/www.europesays.com\/se\/wp-json\/wp\/v2\/posts\/101524","targetHints":{"allow":["GET"]}}],"collection":[{"href":"https:\/\/www.europesays.com\/se\/wp-json\/wp\/v2\/posts"}],"about":[{"href":"https:\/\/www.europesays.com\/se\/wp-json\/wp\/v2\/types\/post"}],"author":[{"embeddable":true,"href":"https:\/\/www.europesays.com\/se\/wp-json\/wp\/v2\/users\/2"}],"replies":[{"embeddable":true,"href":"https:\/\/www.europesays.com\/se\/wp-json\/wp\/v2\/comments?post=101524"}],"version-history":[{"count":0,"href":"https:\/\/www.europesays.com\/se\/wp-json\/wp\/v2\/posts\/101524\/revisions"}],"wp:featuredmedia":[{"embeddable":true,"href":"https:\/\/www.europesays.com\/se\/wp-json\/wp\/v2\/media\/101525"}],"wp:attachment":[{"href":"https:\/\/www.europesays.com\/se\/wp-json\/wp\/v2\/media?parent=101524"}],"wp:term":[{"taxonomy":"category","embeddable":true,"href":"https:\/\/www.europesays.com\/se\/wp-json\/wp\/v2\/categories?post=101524"},{"taxonomy":"post_tag","embeddable":true,"href":"https:\/\/www.europesays.com\/se\/wp-json\/wp\/v2\/tags?post=101524"}],"curies":[{"name":"wp","href":"https:\/\/api.w.org\/{rel}","templated":true}]}}