{"id":101541,"date":"2025-12-10T03:55:11","date_gmt":"2025-12-10T03:55:11","guid":{"rendered":"https:\/\/www.europesays.com\/se\/101541\/"},"modified":"2025-12-10T03:55:11","modified_gmt":"2025-12-10T03:55:11","slug":"usa-pekas-ut-som-del-av-hotbild-i-danmark","status":"publish","type":"post","link":"https:\/\/www.europesays.com\/se\/101541\/","title":{"rendered":"USA pekas ut som del av hotbild i Danmark"},"content":{"rendered":"<p class=\"boxtextgrotesk-root_baa6 hyperion-css-7pajle\">Publicerad 2025-12-09 22.25<\/p>\n<p>share-arrowDela<\/p>\n<p>unsaveSpara<\/p>\n<p>expand-left<\/p>\n<p>helsk\u00e4rm<img decoding=\"async\" class=\"image-asset hyperion-css-u06ts1\" data-test-tag=\"image-asset\" src=\"https:\/\/www.europesays.com\/se\/wp-content\/uploads\/2025\/12\/776961b6-527e-4340-b521-1fac8ababe75\"  alt=\"President Donald Trumps politik oroar Danmark. Arkivbild.\"  loading=\"eager\" fetchpriority=\"high\" style=\"aspect-ratio:1900 \/ 1267\"\/>President Donald Trumps politik oroar Danmark. Arkivbild. Foto: Alex Brandon\/AP\/TT<\/p>\n<p class=\"hyperion-css-1shl3oz\" data-test-tag=\"lead-text\">F\u00f6r f\u00f6rsta g\u00e5ngen pekas USA ut som en del av hotbilden mot Danmark.<\/p>\n<p class=\"hyperion-css-1v9qo5x\">Det skriver tidningen Berlingske dagen f\u00f6re det att Danmarks milit\u00e4ra underr\u00e4ttelsetj\u00e4nst sl\u00e4pper sin \u00e5rliga hotbildsrapport.<\/p>\n<p class=\"hyperion-css-1v9qo5x\">Enligt Thomas Ahrenkiel, chef f\u00f6r underr\u00e4ttelsetj\u00e4nsten, st\u00e5r nu mindre l\u00e4nder inf\u00f6r en v\u00e4rld d\u00e4r det r\u00e5der mer \u201ddjungelns lag \u00e4n regelbaserad v\u00e4rldsordning\u201d.<\/p>\n<p class=\"hyperion-css-1v9qo5x\">\u2013 Vi ser nu att de tre stora milit\u00e4rmakterna, USA, Ryssland och Kina, p\u00e5 sina olika s\u00e4tt inte st\u00f6der den v\u00e4rldsordningen, s\u00e4ger han till tidningen.<\/p>\n<p class=\"hyperion-css-1v9qo5x\">I rapporten heter det att USA nu anv\u00e4nder \u201dsin ekonomiska och teknologiska styrka som ett maktmedel, \u00e4ven mot allierade och partner\u201d.<\/p>\n<p class=\"hyperion-css-1v9qo5x\">Sedan Donald Trump tilltr\u00e4dde sin andra mandatperiod som president har USA bland annat hotat med handelstullar och att med olika medel ta \u00f6ver det sj\u00e4lvstyrande danska territoriet Gr\u00f6nland.<\/p>\n","protected":false},"excerpt":{"rendered":"Publicerad 2025-12-09 22.25 share-arrowDela unsaveSpara expand-left helsk\u00e4rmPresident Donald Trumps politik oroar Danmark. Arkivbild. Foto: Alex Brandon\/AP\/TT F\u00f6r f\u00f6rsta&hellip;\n","protected":false},"author":2,"featured_media":101542,"comment_status":"","ping_status":"","sticky":false,"template":"","format":"standard","meta":{"footnotes":""},"categories":[5],"tags":[22,23,26,27,17,21,24,25,28,29,15,16,18,34,31,33,32,30,19,20],"class_list":{"0":"post-101541","1":"post","2":"type-post","3":"status-publish","4":"format-standard","5":"has-post-thumbnail","7":"category-rubriker","8":"tag-breaking-news","9":"tag-breakingnews","10":"tag-featured-news","11":"tag-featurednews","12":"tag-headlines","13":"tag-huvudnyheter","14":"tag-latest-news","15":"tag-latestnews","16":"tag-main-news","17":"tag-mainnews","18":"tag-news","19":"tag-nyheter","20":"tag-rubriker","21":"tag-se","22":"tag-svenska","23":"tag-sverige","24":"tag-sweden","25":"tag-swedish","26":"tag-top-stories","27":"tag-topstories"},"share_on_mastodon":{"url":"https:\/\/pubeurope.com\/@se\/115693258371615263","error":""},"_links":{"self":[{"href":"https:\/\/www.europesays.com\/se\/wp-json\/wp\/v2\/posts\/101541","targetHints":{"allow":["GET"]}}],"collection":[{"href":"https:\/\/www.europesays.com\/se\/wp-json\/wp\/v2\/posts"}],"about":[{"href":"https:\/\/www.europesays.com\/se\/wp-json\/wp\/v2\/types\/post"}],"author":[{"embeddable":true,"href":"https:\/\/www.europesays.com\/se\/wp-json\/wp\/v2\/users\/2"}],"replies":[{"embeddable":true,"href":"https:\/\/www.europesays.com\/se\/wp-json\/wp\/v2\/comments?post=101541"}],"version-history":[{"count":0,"href":"https:\/\/www.europesays.com\/se\/wp-json\/wp\/v2\/posts\/101541\/revisions"}],"wp:featuredmedia":[{"embeddable":true,"href":"https:\/\/www.europesays.com\/se\/wp-json\/wp\/v2\/media\/101542"}],"wp:attachment":[{"href":"https:\/\/www.europesays.com\/se\/wp-json\/wp\/v2\/media?parent=101541"}],"wp:term":[{"taxonomy":"category","embeddable":true,"href":"https:\/\/www.europesays.com\/se\/wp-json\/wp\/v2\/categories?post=101541"},{"taxonomy":"post_tag","embeddable":true,"href":"https:\/\/www.europesays.com\/se\/wp-json\/wp\/v2\/tags?post=101541"}],"curies":[{"name":"wp","href":"https:\/\/api.w.org\/{rel}","templated":true}]}}