{"id":101543,"date":"2025-12-10T04:09:08","date_gmt":"2025-12-10T04:09:08","guid":{"rendered":"https:\/\/www.europesays.com\/se\/101543\/"},"modified":"2025-12-10T04:09:08","modified_gmt":"2025-12-10T04:09:08","slug":"hur-mycket-hinner-trump-forstora","status":"publish","type":"post","link":"https:\/\/www.europesays.com\/se\/101543\/","title":{"rendered":"Hur mycket hinner Trump f\u00f6rst\u00f6ra?"},"content":{"rendered":"<p><strong>Tydligt att USA kommer blanda sig i europeiska valr\u00f6relser.<\/strong><\/p>\n<p style=\"font-weight: 400;\">Vad hade du sagt om n\u00e5gon f\u00f6r ett \u00e5r sedan hade sagt att USA i december 2025 skulle sl\u00e5 igen d\u00f6rren mot Europa, avisera ett minimalt engagemang i Nato, m\u00f6jligen till och med uttr\u00e4de, lansera en ny doktrin som p\u00e5minner om 1800-talets relation mellan stormakterna och s\u00e4tta in milit\u00e4r p\u00e5 gatorna i de egna st\u00e4derna?<\/p>\n<p style=\"font-weight: 400;\">Hade du trott det var m\u00f6jligt?<\/p>\n<p style=\"font-weight: 400;\">Troligen inte.<\/p>\n<p style=\"font-weight: 400;\">\u00c4nd\u00e5 var det ungef\u00e4r det Trump sade i valr\u00f6relsen 2024, och det \u00e4r den politiken han levererar nu.<\/p>\n<p style=\"font-weight: 400;\">Det utrikespolitiska strategidokument som presenterades f\u00f6rra veckan slog fast att Europas stater nu m\u00e5ste ansvara f\u00f6r sin egen s\u00e4kerhet. USA kommer inte l\u00e4ngre vara en garant, vilket i praktiken \u00e4r det samma som att s\u00e4ga att Natos artikel 5, om att hj\u00e4lpa varandra i h\u00e4ndelse av en v\u00e4pnad attack, inte l\u00e4ngre g\u00e4ller.<\/p>\n<p>Ukrainas geografiska \u00f6de<\/p>\n<p style=\"font-weight: 400;\">Ist\u00e4llet ska USA fokusera p\u00e5 sin egen \u201dbakg\u00e5rd\u201d i Mellan- och Latinamerika. En \u00e5terg\u00e5ng till den s\u00e5 kallade Monroedoktrinen p\u00e5 1800-talet, en tid d\u00e5 stormakterna delade upp v\u00e4rlden i sf\u00e4rer d\u00e4r de till\u00e4ts att g\u00f6ra lite som de ville. Donald Trumps uppenbart ryska perspektiv p\u00e5 kriget i Ukraina g\u00e5r att f\u00f6rklara med samma bakg\u00e5rdst\u00e4nkande. Eller som den svenska f\u00f6rfattaren Lena Andersson formulerade saken i en intervju: Ukraina f\u00e5r \u201dacceptera sitt geografiska \u00f6de\u201d.<\/p>\n<p style=\"font-weight: 400;\">Den nya amerikanska doktrinen anklagade ocks\u00e5 Europas l\u00e4nder f\u00f6r att hota yttrandefriheten genom att inte till\u00e5ta till exempel hets mot folkgrupp och varnade f\u00f6r att dess befolkningar snart kommer att vara icke-europeiska p\u00e5 grund av invandring.<\/p>\n<p style=\"font-weight: 400;\">I Sverige m\u00e5ste man hoppa l\u00e4ngst ned i kaninh\u00e5let f\u00f6r att hitta lika brunsvarta konspirationsteorier.<\/p>\n<p style=\"font-weight: 400;\">Man b\u00f6r till\u00e4gga att det i princip en karbonkopia p\u00e5 det tal vicepresident Vance tidigare i \u00e5r h\u00f6ll inf\u00f6r Europas ledare vid en s\u00e4kerhetskonferens i M\u00fcnchen.<\/p>\n<p style=\"font-weight: 400;\">Men doktrinen lyfte ocks\u00e5 fram en annan sak, som borde f\u00e5 alla som kallar sig f\u00f6r demokrater i Europa att dra \u00f6ronen \u00e5t sig. D\u00e4r stod att USA kommer st\u00f6tta europeiska \u201dpatriotiska partier\u201d som str\u00e4var efter isolationism.<\/p>\n<p>Kan Trump begr\u00e4nsas?<\/p>\n<p style=\"font-weight: 400;\">Elon Musks inhopp i den tyska valr\u00f6relsen tidigare i \u00e5r var med andra ord inget undantag. Partier som det h\u00f6gerextrema AFP kommer att f\u00e5 st\u00f6d av Donald Trump, hans regering och \u2013 f\u00e5r man f\u00f6rmoda \u2013 de miljard\u00e4rer som st\u00f6ttar honom.<\/p>\n<p style=\"font-weight: 400;\">Tidigare har vi sett samma f\u00f6rs\u00f6k att p\u00e5verka val fr\u00e5n den ryska sidan, paradoxalt nog genom mer eller mindre \u00f6ppet st\u00f6d till samma extrema partier.<\/p>\n<p style=\"font-weight: 400;\">Nu g\u00e4ller detta allts\u00e5 \u00e4ven USA.<\/p>\n<p style=\"font-weight: 400;\">Om knappt ett \u00e5r \u00e4r det mellan\u00e5rsval i USA. Man brukar s\u00e4ga att presidenten har till dess p\u00e5 sig att genomf\u00f6ra sitt politiska program. Sedan kastas majoriteten om i senaten och representanthuset och det blir enklare att blockera presidentens linje.<\/p>\n<p style=\"font-weight: 400;\">Hur det g\u00e5r med den saken vet vi inte \u00e4n. Det h\u00e4nger delvis p\u00e5 hur andra republikaner v\u00e4ljer att agera.<\/p>\n<p style=\"font-weight: 400;\">Oberoende av vilket m\u00e5ste Europa st\u00e4lla sig fr\u00e5gan: hur mycket skada hinner Trump g\u00f6ra? Och hur o\u00e5terkalleliga blir f\u00f6r\u00e4ndringarna?<\/p>\n<p style=\"font-weight: 400;\">Med den nya s\u00e4kerhetspolitiska doktrinen m\u00e5ste vi nog inse att fr\u00e5gan inte bara handlar om vilket USA han kommer l\u00e4mna efter sig.<\/p>\n<p style=\"font-weight: 400;\"><strong>Jesper Bengtsson<\/strong><\/p>\n","protected":false},"excerpt":{"rendered":"Tydligt att USA kommer blanda sig i europeiska valr\u00f6relser. Vad hade du sagt om n\u00e5gon f\u00f6r ett \u00e5r&hellip;\n","protected":false},"author":2,"featured_media":101544,"comment_status":"","ping_status":"","sticky":false,"template":"","format":"standard","meta":{"footnotes":""},"categories":[14],"tags":[22,23,26,27,17,21,24,25,28,29,15,16,18,34,31,33,32,30,19,20,51,52,53,54],"class_list":{"0":"post-101543","1":"post","2":"type-post","3":"status-publish","4":"format-standard","5":"has-post-thumbnail","7":"category-varlden","8":"tag-breaking-news","9":"tag-breakingnews","10":"tag-featured-news","11":"tag-featurednews","12":"tag-headlines","13":"tag-huvudnyheter","14":"tag-latest-news","15":"tag-latestnews","16":"tag-main-news","17":"tag-mainnews","18":"tag-news","19":"tag-nyheter","20":"tag-rubriker","21":"tag-se","22":"tag-svenska","23":"tag-sverige","24":"tag-sweden","25":"tag-swedish","26":"tag-top-stories","27":"tag-topstories","28":"tag-varlden","29":"tag-world","30":"tag-world-news","31":"tag-worldnews"},"share_on_mastodon":{"url":"https:\/\/pubeurope.com\/@se\/115693313267821297","error":""},"_links":{"self":[{"href":"https:\/\/www.europesays.com\/se\/wp-json\/wp\/v2\/posts\/101543","targetHints":{"allow":["GET"]}}],"collection":[{"href":"https:\/\/www.europesays.com\/se\/wp-json\/wp\/v2\/posts"}],"about":[{"href":"https:\/\/www.europesays.com\/se\/wp-json\/wp\/v2\/types\/post"}],"author":[{"embeddable":true,"href":"https:\/\/www.europesays.com\/se\/wp-json\/wp\/v2\/users\/2"}],"replies":[{"embeddable":true,"href":"https:\/\/www.europesays.com\/se\/wp-json\/wp\/v2\/comments?post=101543"}],"version-history":[{"count":0,"href":"https:\/\/www.europesays.com\/se\/wp-json\/wp\/v2\/posts\/101543\/revisions"}],"wp:featuredmedia":[{"embeddable":true,"href":"https:\/\/www.europesays.com\/se\/wp-json\/wp\/v2\/media\/101544"}],"wp:attachment":[{"href":"https:\/\/www.europesays.com\/se\/wp-json\/wp\/v2\/media?parent=101543"}],"wp:term":[{"taxonomy":"category","embeddable":true,"href":"https:\/\/www.europesays.com\/se\/wp-json\/wp\/v2\/categories?post=101543"},{"taxonomy":"post_tag","embeddable":true,"href":"https:\/\/www.europesays.com\/se\/wp-json\/wp\/v2\/tags?post=101543"}],"curies":[{"name":"wp","href":"https:\/\/api.w.org\/{rel}","templated":true}]}}