{"id":101566,"date":"2025-12-10T05:15:42","date_gmt":"2025-12-10T05:15:42","guid":{"rendered":"https:\/\/www.europesays.com\/se\/101566\/"},"modified":"2025-12-10T05:15:42","modified_gmt":"2025-12-10T05:15:42","slug":"nya-forluster-for-trump-och-republikanerna-varlden","status":"publish","type":"post","link":"https:\/\/www.europesays.com\/se\/101566\/","title":{"rendered":"Nya f\u00f6rluster f\u00f6r Trump och republikanerna | V\u00e4rlden"},"content":{"rendered":"<p>Publicerad 10 dec 2025 kl 04.02Uppdaterad kl 06.12<\/p>\n<p>H\u00e4r kommer \u00e4nnu ett bakslag f\u00f6r Donald Trump.\u00a0<\/p>\n<p>Eileen Higgins blir som f\u00f6rsta demokrat under 2000-talet borgm\u00e4stare i Miami.<\/p>\n<p>Republikanerna f\u00f6rlorar dessutom ett utfyllnadsval i Georgia.<\/p>\n<p><img   alt=\"\"\/><\/p>\n<p>Eileen Higgins blir Miamis nya borgm\u00e4stare.<\/p>\n<p>Foto: CARL JUSTE\/ TCA\/ STELLA PICTURES<\/p>\n<p>\u00d6ppna bild i helsk\u00e4rm<\/p>\n<p>I ytterligare ett tecken p\u00e5 att <a href=\"https:\/\/www.expressen.se\/tagg\/person\/donald-trump\/\" class=\"\" rel=\"nofollow noopener\" target=\"_blank\">Donald Trump<\/a> och hans parti har gjort sig impopul\u00e4ra under det knappa \u00e5r som g\u00e5tt sedan Trump \u00e5ter blev president fylldes \u00e4nnu en valnatt av sm\u00e5 och stora motg\u00e5ngar f\u00f6r republikanerna.\u00a0<\/p>\n<p>Mest omtalat \u00e4r borgm\u00e4starvalet i Miami. Borgm\u00e4star\u00e4mbetet \u00e4r formellt sett opolitiskt i Miami, men den h\u00e4r g\u00e5ngen lade partierna full kraft bakom varsin kandidat. Demokraterna backade Eileen Higgins och Republikanerna \u2013 med Donald Trump och Floridas guvern\u00f6r Ron De Santis \u2013 stod bakom Emilio Gonz\u00e1lez. \u00a0Och det slutade med en storseger f\u00f6r Higgins. I ett omr\u00e5de som Kamala Harris vann med en procentenhet \u2013 50 mot 49 \u2013 f\u00f6r ett \u00e5r sedan vann Higgins nu med hela 19 procentenheter. D\u00e4rmed blir hon stadens f\u00f6rsta kvinnliga borgm\u00e4stare och stadens f\u00f6rsta demokratiska borgm\u00e4stare sedan 1998.<\/p>\n<p>Higgins seger f\u00f6ljer p\u00e5 en l\u00e5ng rad demokratiska segrar i olika lokalval i november, d\u00e4r partiets kandidater bland annat vann i guvern\u00f6rsvalen i New Jersey och Virginia samtidigt som de vann andra mindre val runtom i hela landet.\u00a0<\/p>\n<p>Under natten visades samma tendenser p\u00e5 andra h\u00e5ll. Som i Georgia, d\u00e4r den demokratiska kandidaten Eric Gisler stod f\u00f6r en rej\u00e4l \u00f6verraskning. I ett distrikt som republikanen Marcus Wiedower vann med \u00f6ver 20 procentenheter f\u00f6r ett \u00e5r sedan vann i st\u00e4llet Gisler med knapp marginal. Republikanerna har fortfarande stadig kontroll \u00f6ver kongressen i Georgia.<\/p>\n","protected":false},"excerpt":{"rendered":"Publicerad 10 dec 2025 kl 04.02Uppdaterad kl 06.12 H\u00e4r kommer \u00e4nnu ett bakslag f\u00f6r Donald Trump.\u00a0 Eileen Higgins&hellip;\n","protected":false},"author":2,"featured_media":101567,"comment_status":"","ping_status":"","sticky":false,"template":"","format":"standard","meta":{"footnotes":""},"categories":[12],"tags":[22,23,26,27,17,21,24,25,7535,4253,28,29,15,16,198,18,34,55,31,33,32,30,19,204,20],"class_list":{"0":"post-101566","1":"post","2":"type-post","3":"status-publish","4":"format-standard","5":"has-post-thumbnail","7":"category-sverige","8":"tag-breaking-news","9":"tag-breakingnews","10":"tag-featured-news","11":"tag-featurednews","12":"tag-headlines","13":"tag-huvudnyheter","14":"tag-latest-news","15":"tag-latestnews","16":"tag-location-georgia","17":"tag-location-miami","18":"tag-main-news","19":"tag-mainnews","20":"tag-news","21":"tag-nyheter","22":"tag-person-donald-trump","23":"tag-rubriker","24":"tag-se","25":"tag-sections-varlden","26":"tag-svenska","27":"tag-sverige","28":"tag-sweden","29":"tag-swedish","30":"tag-top-stories","31":"tag-topic-amerikansk-politik","32":"tag-topstories"},"share_on_mastodon":{"url":"https:\/\/pubeurope.com\/@se\/115693572816372849","error":""},"_links":{"self":[{"href":"https:\/\/www.europesays.com\/se\/wp-json\/wp\/v2\/posts\/101566","targetHints":{"allow":["GET"]}}],"collection":[{"href":"https:\/\/www.europesays.com\/se\/wp-json\/wp\/v2\/posts"}],"about":[{"href":"https:\/\/www.europesays.com\/se\/wp-json\/wp\/v2\/types\/post"}],"author":[{"embeddable":true,"href":"https:\/\/www.europesays.com\/se\/wp-json\/wp\/v2\/users\/2"}],"replies":[{"embeddable":true,"href":"https:\/\/www.europesays.com\/se\/wp-json\/wp\/v2\/comments?post=101566"}],"version-history":[{"count":0,"href":"https:\/\/www.europesays.com\/se\/wp-json\/wp\/v2\/posts\/101566\/revisions"}],"wp:featuredmedia":[{"embeddable":true,"href":"https:\/\/www.europesays.com\/se\/wp-json\/wp\/v2\/media\/101567"}],"wp:attachment":[{"href":"https:\/\/www.europesays.com\/se\/wp-json\/wp\/v2\/media?parent=101566"}],"wp:term":[{"taxonomy":"category","embeddable":true,"href":"https:\/\/www.europesays.com\/se\/wp-json\/wp\/v2\/categories?post=101566"},{"taxonomy":"post_tag","embeddable":true,"href":"https:\/\/www.europesays.com\/se\/wp-json\/wp\/v2\/tags?post=101566"}],"curies":[{"name":"wp","href":"https:\/\/api.w.org\/{rel}","templated":true}]}}