{"id":101586,"date":"2025-12-10T05:57:07","date_gmt":"2025-12-10T05:57:07","guid":{"rendered":"https:\/\/www.europesays.com\/se\/101586\/"},"modified":"2025-12-10T05:57:07","modified_gmt":"2025-12-10T05:57:07","slug":"danska-donatorn-kjeld-har-197-barn-bar-pa-cancergen","status":"publish","type":"post","link":"https:\/\/www.europesays.com\/se\/101586\/","title":{"rendered":"Danska donatorn \u201dKjeld\u201d har 197 barn \u2013 b\u00e4r p\u00e5 cancergen"},"content":{"rendered":"<p>En man som i n\u00e4rmare 20 \u00e5r har varit donator p\u00e5 en dansk spermabank har visat sig b\u00e4ra p\u00e5 en mutation som kan leda till cancer, rapporterar SVT Nyheter och EBU:s n\u00e4tverk f\u00f6r unders\u00f6kande journalistik.<\/p>\n<p>Mannen, som bara \u00e4r k\u00e4nd under aliaset \u201dKjeld\u201d eller som donator nummer 7069, har genom \u00e5ren gett upphov till 197 barn. Flera av dem har f\u00e5tt cancer och det finns \u00e4ven d\u00f6dsfall. 22 ber\u00f6rda barn finns i Sverige, enligt SVT:s uppgifter. <\/p>\n<p>F\u00f6rst 2023 uppt\u00e4cktes mutationen och mannens spermier stoppades. Flera familjer har \u00e4nnu inte informerats, trots att tester kan vara livsavg\u00f6rande f\u00f6r barnen. <\/p>\n<p>Omni \u00e4r politiskt obundna och oberoende. Vi str\u00e4var efter att ge fler perspektiv p\u00e5 nyheterna. Har du fr\u00e5gor eller synpunkter kring v\u00e5r rapportering? <a href=\"https:\/\/omni.se\/danska-donatorn-kjeld-har-197-barn-bar-pa-cancergen\/a\/mailto:redaktion@omni.se\" class=\"ArticleActions_contactLink__W2F1M\" rel=\"nofollow noopener\" target=\"_blank\">Kontakta redaktionen<\/a><\/p>\n","protected":false},"excerpt":{"rendered":"En man som i n\u00e4rmare 20 \u00e5r har varit donator p\u00e5 en dansk spermabank har visat sig b\u00e4ra&hellip;\n","protected":false},"author":2,"featured_media":101587,"comment_status":"","ping_status":"","sticky":false,"template":"","format":"standard","meta":{"footnotes":""},"categories":[69],"tags":[1205,267,332,113,112,34,31,33,32,30],"class_list":{"0":"post-101586","1":"post","2":"type-post","3":"status-publish","4":"format-standard","5":"has-post-thumbnail","7":"category-halsa","8":"tag-danmark","9":"tag-europa","10":"tag-forskning-vetenskap","11":"tag-halsa","12":"tag-health","13":"tag-se","14":"tag-svenska","15":"tag-sverige","16":"tag-sweden","17":"tag-swedish"},"share_on_mastodon":{"url":"https:\/\/pubeurope.com\/@se\/115693737968891330","error":""},"_links":{"self":[{"href":"https:\/\/www.europesays.com\/se\/wp-json\/wp\/v2\/posts\/101586","targetHints":{"allow":["GET"]}}],"collection":[{"href":"https:\/\/www.europesays.com\/se\/wp-json\/wp\/v2\/posts"}],"about":[{"href":"https:\/\/www.europesays.com\/se\/wp-json\/wp\/v2\/types\/post"}],"author":[{"embeddable":true,"href":"https:\/\/www.europesays.com\/se\/wp-json\/wp\/v2\/users\/2"}],"replies":[{"embeddable":true,"href":"https:\/\/www.europesays.com\/se\/wp-json\/wp\/v2\/comments?post=101586"}],"version-history":[{"count":0,"href":"https:\/\/www.europesays.com\/se\/wp-json\/wp\/v2\/posts\/101586\/revisions"}],"wp:featuredmedia":[{"embeddable":true,"href":"https:\/\/www.europesays.com\/se\/wp-json\/wp\/v2\/media\/101587"}],"wp:attachment":[{"href":"https:\/\/www.europesays.com\/se\/wp-json\/wp\/v2\/media?parent=101586"}],"wp:term":[{"taxonomy":"category","embeddable":true,"href":"https:\/\/www.europesays.com\/se\/wp-json\/wp\/v2\/categories?post=101586"},{"taxonomy":"post_tag","embeddable":true,"href":"https:\/\/www.europesays.com\/se\/wp-json\/wp\/v2\/tags?post=101586"}],"curies":[{"name":"wp","href":"https:\/\/api.w.org\/{rel}","templated":true}]}}