{"id":101594,"date":"2025-12-10T06:07:08","date_gmt":"2025-12-10T06:07:08","guid":{"rendered":"https:\/\/www.europesays.com\/se\/101594\/"},"modified":"2025-12-10T06:07:08","modified_gmt":"2025-12-10T06:07:08","slug":"bonde-soker-fru-lisa-lindvall-fick-cancer-under-graviditeten","status":"publish","type":"post","link":"https:\/\/www.europesays.com\/se\/101594\/","title":{"rendered":"Bonde s\u00f6ker fru-Lisa Lindvall fick cancer under graviditeten"},"content":{"rendered":"<p>Publicerad 10 dec 2025 kl 06.20<\/p>\n<p>Lisa Lindvall, k\u00e4nd fr\u00e5n \u201dBonde s\u00f6ker fru\u201d v\u00e4ntade sitt andra barn.\u00a0<\/p>\n<p>D\u00e5 fick Lindvall ett mardr\u00f6msbesked: Hon hade br\u00f6stcancer.\u00a0<\/p>\n<p>\u201dV\u00e4rlden totalt rasade mitt framf\u00f6r mig\u201d, skriver hon p\u00e5 Instagram.\u00a0<\/p>\n<p><img   alt=\"\"\/><\/p>\n<p>Lisa Lindvall n\u00e4r hon var med i \u201dBonde s\u00f6ker fru\u201d.<\/p>\n<p>\u00d6ppna bild i helsk\u00e4rm<img loading=\"lazy\"   alt=\"\"\/><\/p>\n<p>Bonden Pontus Mikaelsson fann k\u00e4rleken i \u201dBonde s\u00f6ker fru\u201d.<\/p>\n<p>Foto: TV4<\/p>\n<p>\u00d6ppna bild i helsk\u00e4rm<img loading=\"lazy\"   alt=\"\"\/><\/p>\n<p>Lisa Lindvall och bonden har tv\u00e5 barn ihop \u2013\u00a0nu ber\u00e4ttar hon om en sv\u00e5r tid.<\/p>\n<p>Foto: TV4<\/p>\n<p>\u00d6ppna bild i helsk\u00e4rm<img loading=\"lazy\"   alt=\"\"\/>\u00d6ppna bild i helsk\u00e4rm<img loading=\"lazy\"   alt=\"\"\/><\/p>\n<p>Lisa Lindvall ber\u00e4ttar om en sv\u00e5r tid.<\/p>\n<p>Foto: Privat<\/p>\n<p>\u00d6ppna bild i helsk\u00e4rm<\/p>\n<p>Lisa Lindvall och bonden Pontus Mikaelsson fann varandra i \u201d<a href=\"https:\/\/www.expressen.se\/tagg\/organization\/bonde-soker-fru\/\" class=\"\" rel=\"nofollow noopener\" target=\"_blank\">Bonde s\u00f6ker fru<\/a>\u201d 2020. \u00a0<\/p>\n<p>2022 fick de sitt f\u00f6rsta barn Iselin och tidigare i \u00e5r kom lilla Malte till v\u00e4rlden.<\/p>\n<p>Men nu ber\u00e4ttar Lisa Lindvall att hon fick ett sv\u00e5rt besked mitt under sin senaste graviditet.\u00a0<\/p>\n<p>\u201dJag har levt som i en mardr\u00f6m sedan slutet av februari\u201d, skriver hon p\u00e5 Instagram.\u00a0<\/p>\n<p>D\u00e5 fick Lisa Lindvall veta att hon hade drabbats av br\u00f6stcancer.\u00a0<\/p>\n<p>\u201dL\u00e4karen tittade p\u00e5 mig med allvarlig blick. V\u00e4rlden totalt rasade mitt framf\u00f6r mig och chocken fick hela kroppen att skaka. Det kunde bara inte vara sant\u201d, skriver hon p\u00e5 Instagram.\u00a0<\/p>\n<p>\u201dD\u00e4r satt jag. Utan n\u00e5gon anh\u00f6rig som kunde ta min hand. P\u00e5 en brits i ett unders\u00f6kningsrum. Med bebis sparkandes i magen. Cancer i br\u00f6stet. \u00c5ngest i kroppen. Panik. Ren och sk\u00e4r d\u00f6ds\u00e5ngest\u201d.\u00a0<\/p>\n<p>\u201dBeh\u00f6ver l\u00e4ka\u201d<\/p>\n<p>L\u00e4karna agerade snabbt.\u00a0<\/p>\n<p>Veckan efter beskedet p\u00e5b\u00f6rjade Lisa Lindvall cellgiftsbehandling.\u00a0<\/p>\n<p>Nio veckor senare kom Malte till v\u00e4rlden.\u00a0<\/p>\n<p>\u201dI slutet av april, fick vi \u00e4ntligen tr\u00e4ffa en helt perfekt liten bebis som fick m\u00f6ta v\u00e4rlden en m\u00e5nad tidigare \u00e4n ber\u00e4knat\u201d.\u00a0<\/p>\n<p>Sedan dess har Lisa Lindvall genomg\u00e5tt mer cellgiftsbehandling och har opererats. Tv-profilen har \u00e4ven f\u00e5tt str\u00e5lning och nu v\u00e4ntar fortsatt immunterapi.\u00a0<\/p>\n<p><img loading=\"lazy\"   alt=\"\"\/><\/p>\n<p>Lisa Lindvall i sjukhuss\u00e4ngen.<\/p>\n<p>Foto: Privat<\/p>\n<p>\u00d6ppna bild i helsk\u00e4rm<\/p>\n<p>\u201dDet finns s\u00e5 mycket mer att ber\u00e4tta, men jag stannar h\u00e4r f\u00f6r nu. Jag befinner mig fortfarande i min sjukdomsbubbla och beh\u00f6ver l\u00e4ka b\u00e5de fysiskt och psykiskt fr\u00e5n allt som h\u00e4nt. Mest psykiskt. De fysiska s\u00e5ren har redan f\u00e5tt sina \u00e4rr\u201d, skriver hon p\u00e5 Instagram.\u00a0<\/p>\n<p>S\u00e5 m\u00e5r Lisa i dag<\/p>\n<p>F\u00f6r Expressen ber\u00e4ttar Lisa Lindvall att hon m\u00e5r b\u00e4ttre i dag men att hon inte \u00e4r friskf\u00f6rklarad. Prognosen ser mycket b\u00e4ttre ut nu \u00e4n i b\u00f6rjan.\u00a0<\/p>\n<p>Det var l\u00e4skigt f\u00f6r henne att ber\u00e4tta om sin cancer p\u00e5 Instagram.\u00a0<\/p>\n<p>\u201dMen jag har samlat mod i flera m\u00e5nader d\u00e5 jag f\u00f6rstod att det kunde bli en stor nyhet. Jag k\u00e4nner mig starkare och modigare i dag och jag hoppas att alla kvinnor, gammal som ung, tar och regelbundet unders\u00f6ker sina br\u00f6st\u201d.\u00a0<\/p>\n<p>Efter beskedet har Lisa Lindvall f\u00e5tt k\u00e4rlek och st\u00f6d.\u00a0<\/p>\n<p>\u201dVilket g\u00f6r mig helt r\u00f6rd till t\u00e5rar varje g\u00e5ng jag l\u00e4ser kommentarerna\u201d.\u00a0<\/p>\n<p><a href=\"https:\/\/www.instagram.com\/p\/DRxP9VsDOcU\/?hidecaption=true\" data-provider=\"instagram\" class=\"js-social-embed\" rel=\"nofollow noopener\" target=\"_blank\">https:\/\/www.instagram.com\/p\/DRxP9VsDOcU\/?hidecaption=true<\/a><script async src=\"\/\/www.instagram.com\/embed.js\"><\/script><\/p>\n","protected":false},"excerpt":{"rendered":"Publicerad 10 dec 2025 kl 06.20 Lisa Lindvall, k\u00e4nd fr\u00e5n \u201dBonde s\u00f6ker fru\u201d v\u00e4ntade sitt andra barn.\u00a0 D\u00e5&hellip;\n","protected":false},"author":2,"featured_media":101595,"comment_status":"","ping_status":"","sticky":false,"template":"","format":"standard","meta":{"footnotes":""},"categories":[67],"tags":[104,3979,384,34,31,33,32,30,688,646,105],"class_list":{"0":"post-101594","1":"post","2":"type-post","3":"status-publish","4":"format-standard","5":"has-post-thumbnail","7":"category-underhallning","8":"tag-entertainment","9":"tag-organization-bonde-soker-fru","10":"tag-organization-tv4","11":"tag-se","12":"tag-svenska","13":"tag-sverige","14":"tag-sweden","15":"tag-swedish","16":"tag-topic-halsa-sjukvard","17":"tag-topic-tv-serier","18":"tag-underhallning"},"share_on_mastodon":{"url":"https:\/\/pubeurope.com\/@se\/115693777291181364","error":""},"_links":{"self":[{"href":"https:\/\/www.europesays.com\/se\/wp-json\/wp\/v2\/posts\/101594","targetHints":{"allow":["GET"]}}],"collection":[{"href":"https:\/\/www.europesays.com\/se\/wp-json\/wp\/v2\/posts"}],"about":[{"href":"https:\/\/www.europesays.com\/se\/wp-json\/wp\/v2\/types\/post"}],"author":[{"embeddable":true,"href":"https:\/\/www.europesays.com\/se\/wp-json\/wp\/v2\/users\/2"}],"replies":[{"embeddable":true,"href":"https:\/\/www.europesays.com\/se\/wp-json\/wp\/v2\/comments?post=101594"}],"version-history":[{"count":0,"href":"https:\/\/www.europesays.com\/se\/wp-json\/wp\/v2\/posts\/101594\/revisions"}],"wp:featuredmedia":[{"embeddable":true,"href":"https:\/\/www.europesays.com\/se\/wp-json\/wp\/v2\/media\/101595"}],"wp:attachment":[{"href":"https:\/\/www.europesays.com\/se\/wp-json\/wp\/v2\/media?parent=101594"}],"wp:term":[{"taxonomy":"category","embeddable":true,"href":"https:\/\/www.europesays.com\/se\/wp-json\/wp\/v2\/categories?post=101594"},{"taxonomy":"post_tag","embeddable":true,"href":"https:\/\/www.europesays.com\/se\/wp-json\/wp\/v2\/tags?post=101594"}],"curies":[{"name":"wp","href":"https:\/\/api.w.org\/{rel}","templated":true}]}}