{"id":101603,"date":"2025-12-10T06:15:26","date_gmt":"2025-12-10T06:15:26","guid":{"rendered":"https:\/\/www.europesays.com\/se\/101603\/"},"modified":"2025-12-10T06:15:26","modified_gmt":"2025-12-10T06:15:26","slug":"hon-far-hanga-med-diggiloo-till-hultsfred-det-ar-superkul","status":"publish","type":"post","link":"https:\/\/www.europesays.com\/se\/101603\/","title":{"rendered":"Hon f\u00e5r h\u00e4nga med Diggiloo till Hultsfred \u2013 &#8221;Det \u00e4r superkul&#8221;"},"content":{"rendered":"<p>    <a href=\"https:\/\/www.europesays.com\/se\/wp-content\/uploads\/2025\/12\/desktop_3421853215.jpg\">&#13;<br \/>\n        <img decoding=\"async\" src=\"https:\/\/www.europesays.com\/se\/wp-content\/uploads\/2025\/12\/desktop_3421853215.jpg\" loading=\"lazy\" alt=\"Hon f&#xE5;r h&#xE4;nga med Diggiloo till Hultsfred &#x2013; \" det=\"\" superkul=\"\"\/>&#13;<br \/>\n    <\/a><\/p>\n<p>&#13;<br \/>\n            Tuva R\u00e5wall f\u00e5r h\u00e4nga med p\u00e5 Diggiloo-turn\u00e9n efter vinsten i Idol. Foto: Sk\u00e4rmdump TV4&#13;<br \/>\n            &#13;\n        <\/p>\n<p>P\u00e5 l\u00f6rdagen stod det klart att det blir 18-\u00e5riga Tuva R\u00e5wall fr\u00e5n Partille som f\u00f6ljer med p\u00e5 Diggiloo-turn\u00e9n efter att ha vunnit Idol. Hon stod tillsammans med Love Hedlund Stenmarck i finalen och fick ur sig ordet \u201dHj\u00e4lp\u201d n\u00e4r hon vann.<\/p>\n<p>\u2013 Det h\u00e4r \u00e4r s\u00e5 sjukt, sa hon sedan hon sjungit Lalehs \u201dSome die young\u201d som sista l\u00e5t och hyllats med st\u00e5ende ovationer.<\/p>\n<p style=\"text-align: center;\"><strong>\u201dDet \u00e4r superkul\u201d<\/strong><\/p>\n<p>Nu antar hon att dagarna kommer best\u00e5 av massa musik, sa hon i Nyhetsmorgon, och vinsten inneb\u00e4r att hon f\u00e5r \u00e5ka till Hultsfred i sommar, som en av alla artister i Diggiloo.<\/p>\n<p>\u2013 J\u00e4ttekul. Vi har haft det samarbetet i n\u00e5gra \u00e5r, att vinnaren f\u00e5r \u00e5ka med p\u00e5 Diggiloo. Det \u00e4r superkul. Det \u00e4r en t\u00e4vling d\u00e4r b\u00e4sta man eller kvinna f\u00e5r vinna. Hon var sj\u00e4lvklart v\u00e4rd vinsten, kommenterar producent Patrik Krall.<\/p>\n<p><strong>V\u00e5gar du lova att publiken i Hultsfred f\u00e5r h\u00f6ra \u201dSome die young\u201d?<\/strong><\/p>\n<p>\u2013 Det vet jag faktiskt inte. Processen med vad som ska g\u00f6ras s\u00e4tter ig\u00e5ng i januari, s\u00e5 det f\u00e5r man se, men det l\u00e5ter som det definitivt \u00e4r en stor chans.<\/p>\n","protected":false},"excerpt":{"rendered":"&#13; &#13; &#13; Tuva R\u00e5wall f\u00e5r h\u00e4nga med p\u00e5 Diggiloo-turn\u00e9n efter vinsten i Idol. Foto: Sk\u00e4rmdump TV4&#13; &#13;&hellip;\n","protected":false},"author":2,"featured_media":101604,"comment_status":"","ping_status":"","sticky":false,"template":"","format":"standard","meta":{"footnotes":""},"categories":[67],"tags":[104,34,31,33,32,30,105],"class_list":{"0":"post-101603","1":"post","2":"type-post","3":"status-publish","4":"format-standard","5":"has-post-thumbnail","7":"category-underhallning","8":"tag-entertainment","9":"tag-se","10":"tag-svenska","11":"tag-sverige","12":"tag-sweden","13":"tag-swedish","14":"tag-underhallning"},"share_on_mastodon":{"url":"https:\/\/pubeurope.com\/@se\/115693808951613743","error":""},"_links":{"self":[{"href":"https:\/\/www.europesays.com\/se\/wp-json\/wp\/v2\/posts\/101603","targetHints":{"allow":["GET"]}}],"collection":[{"href":"https:\/\/www.europesays.com\/se\/wp-json\/wp\/v2\/posts"}],"about":[{"href":"https:\/\/www.europesays.com\/se\/wp-json\/wp\/v2\/types\/post"}],"author":[{"embeddable":true,"href":"https:\/\/www.europesays.com\/se\/wp-json\/wp\/v2\/users\/2"}],"replies":[{"embeddable":true,"href":"https:\/\/www.europesays.com\/se\/wp-json\/wp\/v2\/comments?post=101603"}],"version-history":[{"count":0,"href":"https:\/\/www.europesays.com\/se\/wp-json\/wp\/v2\/posts\/101603\/revisions"}],"wp:featuredmedia":[{"embeddable":true,"href":"https:\/\/www.europesays.com\/se\/wp-json\/wp\/v2\/media\/101604"}],"wp:attachment":[{"href":"https:\/\/www.europesays.com\/se\/wp-json\/wp\/v2\/media?parent=101603"}],"wp:term":[{"taxonomy":"category","embeddable":true,"href":"https:\/\/www.europesays.com\/se\/wp-json\/wp\/v2\/categories?post=101603"},{"taxonomy":"post_tag","embeddable":true,"href":"https:\/\/www.europesays.com\/se\/wp-json\/wp\/v2\/tags?post=101603"}],"curies":[{"name":"wp","href":"https:\/\/api.w.org\/{rel}","templated":true}]}}