{"id":101605,"date":"2025-12-10T06:16:12","date_gmt":"2025-12-10T06:16:12","guid":{"rendered":"https:\/\/www.europesays.com\/se\/101605\/"},"modified":"2025-12-10T06:16:12","modified_gmt":"2025-12-10T06:16:12","slug":"johny-srouji-slar-tillbaka-mot-ryktena","status":"publish","type":"post","link":"https:\/\/www.europesays.com\/se\/101605\/","title":{"rendered":"Johny Srouji sl\u00e5r tillbaka mot ryktena"},"content":{"rendered":"<p>I ett internt meddelande till medarbetarna, som snabbt letade sig ut och citerades av Bloomberg (<a href=\"https:\/\/idg.digidip.net\/visit?url=https:\/\/appleinsider.com\/articles\/25\/12\/08\/apple-chief-johny-srouji-confirms-he-isnt-leaving-anytime-soon&amp;currurl=https:\/\/www.macworld.se\/article\/3004459\/johny-srouji-slar-tillbaka-mot-ryktena.html&amp;ref=7-1-3004459-1-0-0-0-0\" rel=\"nofollow noopener\" data-subtag=\"7-1-3004459-1-0-0-0-0\" data-domain-name=\"appleinsider\" target=\"_blank\">via <\/a><a href=\"https:\/\/idg.digidip.net\/visit?url=https:\/\/appleinsider.com\/articles\/25\/12\/08\/apple-chief-johny-srouji-confirms-he-isnt-leaving-anytime-soon&amp;currurl=https:\/\/www.macworld.se\/article\/3004459\/johny-srouji-slar-tillbaka-mot-ryktena.html&amp;ref=7-1-3004459-1-0-0-0-0\" target=\"_blank\" rel=\"nofollow noopener\" data-subtag=\"7-1-3004459-1-0-0-0-0\" data-domain-name=\"appleinsider\">Appleinsider<\/a>), klarg\u00f6r Srouji att han inte planerar att l\u00e4mna Apple. Ryktet, som p\u00e5stod att han skulle ha diskuterat sin framtid med Tim Cook och \u00f6verv\u00e4gt att g\u00e5 till ett annat bolag, beskrevs redan fr\u00e5n b\u00f6rjan som tveksamt. Srouji ligger n\u00e4ra pensions\u00e5lder och leder en av de h\u00f6gst rankade teknikorganisationerna i branschen.<\/p>\n<p>I sitt meddelande skriver han: \u201dJag vet att ni har l\u00e4st olika rykten och spekulationer om min framtid p\u00e5 Apple, och jag vill att ni h\u00f6r det direkt fr\u00e5n mig. Jag \u00e4r stolt \u00f6ver teknologierna vi bygger inom sk\u00e4rmar, kameror, sensorer, kisel och batterier. Jag \u00e4lskar mitt team och mitt jobb p\u00e5 Apple, och jag har inga planer p\u00e5 att sluta inom en \u00f6versk\u00e5dlig framtid.\u201d<\/p>\n<p>Trots flera uppm\u00e4rksammade avg\u00e5ngar bland chefer \u00e4r omfattningen begr\u00e4nsad. Under det senaste \u00e5ret handlar det om drygt 15 personer i chefspositioner och ett antal ingenj\u00f6rer och specialister. I ett bolag med omkring 164 000 anst\u00e4llda \u00e4r det l\u00e5ngt ifr\u00e5n dramatiska niv\u00e5er, \u00e4ven om intresset f\u00f6r varje f\u00f6r\u00e4ndring i Apples ledning vuxit markant.<\/p>\n<p>En del av de senaste spekulationerna har g\u00e5tt betydligt l\u00e4ngre \u00e4n vad som \u00e4r rimligt. Ett exempel \u00e4r ett rykte om att Tony Fadell skulle ers\u00e4tta Tim Cook som vd, baserat p\u00e5 ett l\u00f6sryckt uttalande fr\u00e5n Fadell sj\u00e4lv.<\/p>\n<p>Med Srouji kvar minskar trycket n\u00e5got i ber\u00e4ttelsen om oro internt. Tim Cook v\u00e4ntas inte l\u00e4mna 2026, och mycket talar f\u00f6r att han sitter kvar till \u00e5tminstone 2029. Samtidigt forts\u00e4tter Apple att arbeta enligt v\u00e4l etablerade processer, till skillnad fr\u00e5n bolag d\u00e4r f\u00f6r\u00e4ndringar styrs av enskilda \u00e4gares infall.<\/p>\n","protected":false},"excerpt":{"rendered":"I ett internt meddelande till medarbetarna, som snabbt letade sig ut och citerades av Bloomberg (via Appleinsider), klarg\u00f6r&hellip;\n","protected":false},"author":2,"featured_media":101606,"comment_status":"","ping_status":"","sticky":false,"template":"","format":"standard","meta":{"footnotes":""},"categories":[66],"tags":[80,78,79,34,31,33,32,30,81,84,83,82],"class_list":{"0":"post-101605","1":"post","2":"type-post","3":"status-publish","4":"format-standard","5":"has-post-thumbnail","7":"category-vetenskap-och-teknik","8":"tag-science","9":"tag-science-and-technology","10":"tag-scienceandtechnology","11":"tag-se","12":"tag-svenska","13":"tag-sverige","14":"tag-sweden","15":"tag-swedish","16":"tag-technology","17":"tag-teknik","18":"tag-vetenskap","19":"tag-vetenskapteknik"},"share_on_mastodon":{"url":"https:\/\/pubeurope.com\/@se\/115693812704097158","error":""},"_links":{"self":[{"href":"https:\/\/www.europesays.com\/se\/wp-json\/wp\/v2\/posts\/101605","targetHints":{"allow":["GET"]}}],"collection":[{"href":"https:\/\/www.europesays.com\/se\/wp-json\/wp\/v2\/posts"}],"about":[{"href":"https:\/\/www.europesays.com\/se\/wp-json\/wp\/v2\/types\/post"}],"author":[{"embeddable":true,"href":"https:\/\/www.europesays.com\/se\/wp-json\/wp\/v2\/users\/2"}],"replies":[{"embeddable":true,"href":"https:\/\/www.europesays.com\/se\/wp-json\/wp\/v2\/comments?post=101605"}],"version-history":[{"count":0,"href":"https:\/\/www.europesays.com\/se\/wp-json\/wp\/v2\/posts\/101605\/revisions"}],"wp:featuredmedia":[{"embeddable":true,"href":"https:\/\/www.europesays.com\/se\/wp-json\/wp\/v2\/media\/101606"}],"wp:attachment":[{"href":"https:\/\/www.europesays.com\/se\/wp-json\/wp\/v2\/media?parent=101605"}],"wp:term":[{"taxonomy":"category","embeddable":true,"href":"https:\/\/www.europesays.com\/se\/wp-json\/wp\/v2\/categories?post=101605"},{"taxonomy":"post_tag","embeddable":true,"href":"https:\/\/www.europesays.com\/se\/wp-json\/wp\/v2\/tags?post=101605"}],"curies":[{"name":"wp","href":"https:\/\/api.w.org\/{rel}","templated":true}]}}