{"id":101611,"date":"2025-12-10T06:28:20","date_gmt":"2025-12-10T06:28:20","guid":{"rendered":"https:\/\/www.europesays.com\/se\/101611\/"},"modified":"2025-12-10T06:28:20","modified_gmt":"2025-12-10T06:28:20","slug":"pudeln-doglaz-dog-efter-motet-med-forsvarsmaktens-tranare","status":"publish","type":"post","link":"https:\/\/www.europesays.com\/se\/101611\/","title":{"rendered":"Pudeln Doglaz dog efter m\u00f6tet med F\u00f6rsvarsmaktens tr\u00e4nare"},"content":{"rendered":"<p>Han \u00e4r en av Sveriges mest respekterade hunddomare och har tr\u00e4nat hundar \u00e5t polisen och F\u00f6rsvarsmakten.\u00a0<\/p>\n<p>Under en promenad gick hans tv\u00e5 sch\u00e4ferhundar till attack \u2013 och d\u00f6dade pudeln Doglaz.<\/p>\n<p>I dag t\u00e4vlar elittr\u00e4naren fortfarande med en av hundarna.<\/p>\n<p>Han \u00e4r en erk\u00e4nd hunddomare och har ocks\u00e5 under flera \u00e5r tr\u00e4nat hundar f\u00f6r <a href=\"https:\/\/www.expressen.se\/tagg\/organization\/forsvarsmakten\/\" class=\"\" rel=\"nofollow noopener\" target=\"_blank\">F\u00f6rsvarsmakten<\/a>, polisen och tullen.<\/p>\n<p>En sommardag i juni 2023 \u00e4r elittr\u00e4naren ute och rastar sina tv\u00e5 sch\u00e4frar. Den yngre \u00e4r en lovande IGP-t\u00e4vlingshund. Den \u00e4ldre \u00e4r p\u00e5 v\u00e4g att avsluta sin t\u00e4vlingskarri\u00e4r.<\/p>\n<p>I n\u00e4rheten av hans bostad m\u00f6ter de den pensionerade polisen Bernt Bergman som \u00e4r ute p\u00e5 promenad med sina tv\u00e5 mindre hundar \u2013 pudeln Doglaz, 15 \u00e5r, och den nio \u00e5r yngre blandrashunden Oscar.<\/p>\n<p>ARTIKELN I KORTHET<\/p>\n<p>\u00a0\u2022 Elittr\u00e4narens sch\u00e4ferhundar attackerade den pensionerade polismannens b\u00e5da mindre hundar.<\/p>\n<p>\u2022 Den ena hunden, 15-\u00e5rige pudeln Doglaz, dog av skadorna. \u201dHan skrek av panik och sm\u00e4rta\u201d, s\u00e4ger polismannen..<\/p>\n<p>\u2022 Tr\u00e4naren, som ocks\u00e5 utbildat hundar f\u00f6r f\u00f6rsvaret och t\u00e4vlar i IGP &#8211; sp\u00e5r, lydnad och skydd, har tidigare anm\u00e4lts f\u00f6r \u201dbristande hundh\u00e5llning och otill\u00e5tna dressyrmetoder\u201d.<\/p>\n<p>Visa mer\u201dSkrek av d\u00f6ds\u00e5ngest\u201d\u201dDrar i honom \u00e5t varsitt h\u00e5ll\u201d<\/p>\n<p>Bernt Bergmans b\u00e5da hundar \u00e4r kopplade. Elitr\u00e4narens hundar g\u00e5r 20 meter f\u00f6re sin husse och \u00e4r okopplade.<\/p>\n<p>\u2013 Utan f\u00f6rvarning gick de b\u00e5da till attack. De ger sig f\u00f6rst p\u00e5 Doglaz. De biter honom i v\u00e4nster bakdel och i nacken och sen drar de i honom \u00e5t varsitt h\u00e5ll. Doglaz skrek av panik och sm\u00e4rta.<\/p>\n<p>\u2013 Jag sl\u00e4ngde mig \u00f6ver en av sch\u00e4frarna och kopplade ett grepp runt halsen p\u00e5 honom. Han ropade p\u00e5 sina hundar, men de brydde sig inte, s\u00e4ger Bernt Bergman.<\/p>\n<p><img loading=\"lazy\"   alt=\"\"\/><\/p>\n<p>Den pensionerade polisen Bernt Bergman p\u00e5 promenad med hunden Oscar som \u00f6verlevde sch\u00e4ferattacken.<\/p>\n<p>Foto: HENRIK JANSSON<\/p>\n<p>Efter att elittr\u00e4naren f\u00e5tt kontroll p\u00e5 sina hundar s\u00e5g Bernt att Doglaz var allvarligt skadad och bl\u00f6dde kraftigt. \u00c4ven hunden Oscar hade skadats i tumultet och f\u00e5tt bitskador p\u00e5 ryggen \u2013 dock inte lika allvarligt, s\u00e4ger Bernt Bergman.<\/p>\n<p>\u201dFruktansv\u00e4rt\u201d<\/p>\n<p>P\u00e5 djursjukhuset konstaterade veterin\u00e4ren att Doglaz bakben hade bitits av och att han f\u00e5tt kraftiga bitskador i bakre delen av kroppen. Han hade ocks\u00e5 f\u00f6rlorat mycket blod.<\/p>\n<p>\u2013 Jag ringde min hustru och i samr\u00e5d med veterin\u00e4ren tog vi beslutet att l\u00e5ta Doglaz somna in. Det var fruktansv\u00e4rt.<\/p>\n<p>Bernt Bergman polisanm\u00e4lde h\u00e4ndelsen och gjorde ocks\u00e5 en anm\u00e4lan till l\u00e4nsstyrelsen.<\/p>\n<p><img loading=\"lazy\"   alt=\"\"\/><\/p>\n<p>Ett sista foto p\u00e5 pudeln Doglaz, 15, som blev ihj\u00e4lbiten av tv\u00e5 sch\u00e4ferhundar.<\/p>\n<p>Foto: HENRIK JANSSON<\/p>\n<p><img loading=\"lazy\"   alt=\"\"\/><\/p>\n<p>Doglaz och Oscar tillsammans f\u00f6re attacken.<\/p>\n<p>Foto: HENRIK JANSSON<\/p>\n<p>Men elittr\u00e4narens version av vad som h\u00e4nde skilde sig fr\u00e5n Bernt Bergmans.<\/p>\n<p>Tr\u00e4naren skriver i ett brev till l\u00e4nsstyrelsen att Bernts hundar sk\u00e4llde ilsket och att bara den \u00e4ldre av hans hundar gick till attack.<\/p>\n<p>\u201dSamtidigt \u00e4r det s\u00e5 att det \u00e4r Bernts b\u00e5da hundar som startar genom att g\u00f6ra utfall mot min \u00e4ldre hund. Jag fick ocks\u00e5 stopp p\u00e5 slagsm\u00e5let fort under de omst\u00e4ndigheter som r\u00e5dde\u201d, skriver han.<\/p>\n<p>\u2013 Han ljuger, jag vet vad jag s\u00e5g, s\u00e4ger Bernt Bergman.<\/p>\n<p>Tvingas ha fast koppel<\/p>\n<p>L\u00e4nsstyrelsen beslutade dock att f\u00f6rel\u00e4gga elittr\u00e4naren att han i framtiden m\u00e5ste ha sin \u00e4ldre hund kopplad i ett fast koppel som inte f\u00e5r vara l\u00e4ngre \u00e4n tv\u00e5 meter. \u201dDetta g\u00e4ller vid all vistelse utomhus och p\u00e5 platser d\u00e4r m\u00f6ten med m\u00e4nniskor och djur kan ske\u201d, skriver l\u00e4nsstyrelsen i sitt beslut.<\/p>\n<p>F\u00f6r elittr\u00e4narens andra hund fick h\u00e4ndelsen inga konsekvenser.<\/p>\n<p><img loading=\"lazy\"   alt=\"\"\/><\/p>\n<p>Bernt Bergman \u00e4lskar hundar. H\u00e4r med sin hund Oscar.<\/p>\n<p>Foto: HENRIK JANSSON<\/p>\n<p>Stackel p\u00e5 tr\u00e4ningar<\/p>\n<p>Den respekterade tr\u00e4naren har ocks\u00e5 vid tre andra tillf\u00e4llen anm\u00e4lts till l\u00e4nsstyrelsen f\u00f6r bland annat bristande hundh\u00e5llning och otill\u00e5tna dressyrmetoder.<\/p>\n<p>Enligt en anm\u00e4lan ska hans hundg\u00e5rdar varit f\u00f6r sm\u00e5 och leriga och hundarna har under dagtid inte haft tillg\u00e5ng till vatten. Han ska ocks\u00e5 ha l\u00e5tit sina hundar sitta allt f\u00f6r l\u00e4nge i ett hundsl\u00e4p, ocks\u00e5 n\u00e4r de var hemma.<\/p>\n<p>Enligt en anm\u00e4lan ska elittr\u00e4naren ocks\u00e5 under tr\u00e4ningar anv\u00e4nda stackel \u2013 ett halsband med metallpiggar som tr\u00e4nger in i hundens hud \u2013 och \u00e4ven elhalsband.<\/p>\n<p><img loading=\"lazy\"   alt=\"\"\/><\/p>\n<p>\u201dNN hade flera elhalsband i bostaden och en laddare. Han gjorde inget f\u00f6r att d\u00f6lja det\u201d, s\u00e4ger Lotta Lejdstr\u00f6m.<\/p>\n<p>Foto: PRIVAT<\/p>\n<p>\u201dOerh\u00f6rt pl\u00e5gsamt\u201d<\/p>\n<p>Lotta Lejdstr\u00f6m har under m\u00e5nga \u00e5r varit engagerad i brukshundklubben och sitter ocks\u00e5 i styrelsen i Svenska Brukshundklubbens Stockholmsdistrikt.<\/p>\n<p>Hon var tidigare bekant med elittr\u00e4naren och har vid flera tillf\u00e4llen varit hemma hos honom.<\/p>\n<p>\u2013 Han hade flera elhalsband i bostaden och en laddare och \u00e4ven flera stackel. Han gjorde inget f\u00f6r att d\u00f6lja det. Det fanns \u00e4ven i hans bil och i hundhuset. Han har ocks\u00e5, f\u00f6rutom sina egna hundar tr\u00e4nat andra personers t\u00e4vlingshundar med b\u00e5de el och stackel.<\/p>\n<p>\u2013 M\u00e5nga tr\u00e4nare p\u00e5 elitniv\u00e5 anv\u00e4nder el. Det g\u00e5r snabbare att dressera en hund, men det \u00e4r oerh\u00f6rt pl\u00e5gsamt f\u00f6r hundarna, s\u00e4ger Lotta Lejdstr\u00f6m.<\/p>\n<p>N\u00e4r Expressen f\u00e5r kontakt med elittr\u00e4naren vidh\u00e5ller han att det var bara hans \u00e4ldre hund som anf\u00f6ll Bernt Bergmans ena hund.<\/p>\n<p>\u2013 Det var en tumultartad situation med fyra hundar, men jag \u00e4r s\u00e4ker p\u00e5 min sak.<\/p>\n<p><img loading=\"lazy\"   alt=\"\"\/><\/p>\n<p>Elhalsband g\u00e5r att k\u00f6pa p\u00e5 internet, men \u00e4r enligt lag f\u00f6rbjudet i Sverige.<\/p>\n<p>Foto: SVEN LINDWALL<\/p>\n<p><strong>Du har ju ocks\u00e5 blivit anm\u00e4ld f\u00f6r anv\u00e4ndning av el och stackel och bristande djurh\u00e5llning.<\/strong><\/p>\n<p>\u2013 Jag f\u00e5r anm\u00e4lningar om b\u00e5de det ena och det andra. Jag vet precis vilka det \u00e4r som h\u00e5ller p\u00e5 och driver det h\u00e4r mot mig.<\/p>\n<p>Annons<\/p>\n<p>Om att Lotta Lejdstr\u00f6m sett stackel och elhalsband i hans bostad svarar elittr\u00e4naren:<\/p>\n<p>\u2013 P\u00e5st\u00e5endena \u00e4r felaktiga. Personen har inte varit en del av n\u00e5gra tr\u00e4ningssammanhang med mig och har ingen faktisk insyn i min hundh\u00e5llning eller tr\u00e4ning.<\/p>\n<p>Tv\u00e5 dagar efter Expressens samtal med elittr\u00e4naren l\u00e5ter han meddela att han inte kommer att delta i VM. P\u00e5 Facebook skriver han att han av personliga sk\u00e4l inte kommer till start p\u00e5 VM 2025.<\/p>\n<p>FOTNOT. Efter anm\u00e4lningen om bristande hundh\u00e5llning gjorde l\u00e4nsstyrelsen ett bes\u00f6k hemma hos elittr\u00e4naren d\u00e4r flera brister konstaterades. Enligt l\u00e4nsstyrelsen \u00e5tg\u00e4rdade han senare bristerna och \u00e4rendet avslutades.<\/p>\n<p><img loading=\"lazy\"   alt=\"\"\/><\/p>\n<p><strong>Expressens gr\u00e4vande reporter<\/strong> Michael Syr\u00e9n granskar i flera reportage hur hundar behandlas inom F\u00f6rsvarsmakten, Svenska brukshundklubben och Svenska kennelklubben.<br \/><strong>Reportern har pratat<\/strong> med ett 30-tal personer inom hundv\u00e4rlden \u2013 i flera fall kopplade till f\u00f6rsvaret. Samtliga av dessa personer vittnar om att en elit av tr\u00e4nare och t\u00e4vlande anv\u00e4nder sig av olagliga tr\u00e4ningsmetoder som elhalsband och stackel, ett halsband med metallpiggar som tr\u00e4nger in i hundens hals.<br \/><strong>Granskningen bygger ocks\u00e5<\/strong> p\u00e5 dokument och anm\u00e4lningar och visar att det r\u00e5der en tystnadskultur b\u00e5de inom F\u00f6rsvarsmakten och i brukshundklubben. F\u00e5 v\u00e5gar anm\u00e4la d\u00e5 man \u00e4r r\u00e4dd f\u00f6r konsekvenserna.<\/p>\n<p>\u201dDet h\u00e4r \u00e4r ett djurpl\u00e5geri\u201d<\/p>\n","protected":false},"excerpt":{"rendered":"Han \u00e4r en av Sveriges mest respekterade hunddomare och har tr\u00e4nat hundar \u00e5t polisen och F\u00f6rsvarsmakten.\u00a0 Under en&hellip;\n","protected":false},"author":2,"featured_media":101612,"comment_status":"","ping_status":"","sticky":false,"template":"","format":"standard","meta":{"footnotes":""},"categories":[5],"tags":[22,23,26,27,17,21,24,25,28,29,15,11350,16,48,18,34,154,31,33,32,30,19,2061,20],"class_list":{"0":"post-101611","1":"post","2":"type-post","3":"status-publish","4":"format-standard","5":"has-post-thumbnail","7":"category-rubriker","8":"tag-breaking-news","9":"tag-breakingnews","10":"tag-featured-news","11":"tag-featurednews","12":"tag-headlines","13":"tag-huvudnyheter","14":"tag-latest-news","15":"tag-latestnews","16":"tag-main-news","17":"tag-mainnews","18":"tag-news","19":"tag-newsstory-hundplagarna","20":"tag-nyheter","21":"tag-organization-forsvarsmakten","22":"tag-rubriker","23":"tag-se","24":"tag-sections-sverige","25":"tag-svenska","26":"tag-sverige","27":"tag-sweden","28":"tag-swedish","29":"tag-top-stories","30":"tag-topic-djurplageri","31":"tag-topstories"},"share_on_mastodon":{"url":"https:\/\/pubeurope.com\/@se\/115693859827816458","error":""},"_links":{"self":[{"href":"https:\/\/www.europesays.com\/se\/wp-json\/wp\/v2\/posts\/101611","targetHints":{"allow":["GET"]}}],"collection":[{"href":"https:\/\/www.europesays.com\/se\/wp-json\/wp\/v2\/posts"}],"about":[{"href":"https:\/\/www.europesays.com\/se\/wp-json\/wp\/v2\/types\/post"}],"author":[{"embeddable":true,"href":"https:\/\/www.europesays.com\/se\/wp-json\/wp\/v2\/users\/2"}],"replies":[{"embeddable":true,"href":"https:\/\/www.europesays.com\/se\/wp-json\/wp\/v2\/comments?post=101611"}],"version-history":[{"count":0,"href":"https:\/\/www.europesays.com\/se\/wp-json\/wp\/v2\/posts\/101611\/revisions"}],"wp:featuredmedia":[{"embeddable":true,"href":"https:\/\/www.europesays.com\/se\/wp-json\/wp\/v2\/media\/101612"}],"wp:attachment":[{"href":"https:\/\/www.europesays.com\/se\/wp-json\/wp\/v2\/media?parent=101611"}],"wp:term":[{"taxonomy":"category","embeddable":true,"href":"https:\/\/www.europesays.com\/se\/wp-json\/wp\/v2\/categories?post=101611"},{"taxonomy":"post_tag","embeddable":true,"href":"https:\/\/www.europesays.com\/se\/wp-json\/wp\/v2\/tags?post=101611"}],"curies":[{"name":"wp","href":"https:\/\/api.w.org\/{rel}","templated":true}]}}