{"id":101613,"date":"2025-12-10T06:33:11","date_gmt":"2025-12-10T06:33:11","guid":{"rendered":"https:\/\/www.europesays.com\/se\/101613\/"},"modified":"2025-12-10T06:33:11","modified_gmt":"2025-12-10T06:33:11","slug":"prylkedjan-clas-ohlson-okar-vinsten","status":"publish","type":"post","link":"https:\/\/www.europesays.com\/se\/101613\/","title":{"rendered":"Prylkedjan Clas Ohlson \u00f6kar vinsten"},"content":{"rendered":"<p class=\"boxtextgrotesk-root_baa6 hyperion-css-7pajle\">Uppdaterad 07.14 | Publicerad 07.05<\/p>\n<p>share-arrowDela<\/p>\n<p>unsaveSpara<\/p>\n<p>expand-left<\/p>\n<p>helsk\u00e4rm<img decoding=\"async\" class=\"image-asset hyperion-css-u06ts1\" data-test-tag=\"image-asset\" src=\"https:\/\/www.europesays.com\/se\/wp-content\/uploads\/2025\/12\/0b86c4ab-1e4d-462f-9f19-40c29bf89d3b\"  alt=\"Prylkedjan Clas Ohlson redovisar kvartalsresultat. Arkivbild.\"  loading=\"eager\" fetchpriority=\"high\" style=\"aspect-ratio:1900 \/ 1328\"\/>Prylkedjan Clas Ohlson redovisar kvartalsresultat. Arkivbild. Foto: Adam Ihse\/TT<\/p>\n<p class=\"hyperion-css-1shl3oz\" data-test-tag=\"lead-text\">Prylkedjan Clas Ohlson redovisar ett r\u00f6relseresultat p\u00e5 410 miljoner kronor f\u00f6r det brutna r\u00e4kenskaps\u00e5rets andra kvartal. Det kan j\u00e4mf\u00f6ras med 307 miljoner kronor under motsvarande kvartal ett \u00e5r tidigare.<\/p>\n<p class=\"hyperion-css-1v9qo5x\">Analytiker f\u00f6rv\u00e4ntade sig, enligt Bloomberg, ett r\u00f6relseresultat p\u00e5 395,5 miljoner kronor. Nettooms\u00e4ttningen \u00f6kade med 7 procent till 3 miljarder under kvartalet. E-handelsf\u00f6rs\u00e4ljningen \u00f6kade med 8 procent till 572 miljoner kronor.<\/p>\n<p class=\"hyperion-css-1v9qo5x\">\u201d\u00c5rets andra kvartal kan summeras med att f\u00f6rs\u00e4ljningstrenden \u00e4r fortsatt stark samtidigt som l\u00f6nsamheten f\u00f6rb\u00e4ttrades. Vi forts\u00e4tter att utveckla bolaget med fokus p\u00e5 sortiment, varum\u00e4rke och kundm\u00f6te\u201d, skriver vd Kristofer Tonstr\u00f6m i ett pressmeddelande.<\/p>\n","protected":false},"excerpt":{"rendered":"Uppdaterad 07.14 | Publicerad 07.05 share-arrowDela unsaveSpara expand-left helsk\u00e4rmPrylkedjan Clas Ohlson redovisar kvartalsresultat. Arkivbild. Foto: Adam Ihse\/TT Prylkedjan&hellip;\n","protected":false},"author":2,"featured_media":101614,"comment_status":"","ping_status":"","sticky":false,"template":"","format":"standard","meta":{"footnotes":""},"categories":[65],"tags":[72,70,71,34,31,33,32,30],"class_list":{"0":"post-101613","1":"post","2":"type-post","3":"status-publish","4":"format-standard","5":"has-post-thumbnail","7":"category-ekonomi","8":"tag-business","9":"tag-economy","10":"tag-ekonomi","11":"tag-se","12":"tag-svenska","13":"tag-sverige","14":"tag-sweden","15":"tag-swedish"},"share_on_mastodon":{"url":"https:\/\/pubeurope.com\/@se\/115693879691560349","error":""},"_links":{"self":[{"href":"https:\/\/www.europesays.com\/se\/wp-json\/wp\/v2\/posts\/101613","targetHints":{"allow":["GET"]}}],"collection":[{"href":"https:\/\/www.europesays.com\/se\/wp-json\/wp\/v2\/posts"}],"about":[{"href":"https:\/\/www.europesays.com\/se\/wp-json\/wp\/v2\/types\/post"}],"author":[{"embeddable":true,"href":"https:\/\/www.europesays.com\/se\/wp-json\/wp\/v2\/users\/2"}],"replies":[{"embeddable":true,"href":"https:\/\/www.europesays.com\/se\/wp-json\/wp\/v2\/comments?post=101613"}],"version-history":[{"count":0,"href":"https:\/\/www.europesays.com\/se\/wp-json\/wp\/v2\/posts\/101613\/revisions"}],"wp:featuredmedia":[{"embeddable":true,"href":"https:\/\/www.europesays.com\/se\/wp-json\/wp\/v2\/media\/101614"}],"wp:attachment":[{"href":"https:\/\/www.europesays.com\/se\/wp-json\/wp\/v2\/media?parent=101613"}],"wp:term":[{"taxonomy":"category","embeddable":true,"href":"https:\/\/www.europesays.com\/se\/wp-json\/wp\/v2\/categories?post=101613"},{"taxonomy":"post_tag","embeddable":true,"href":"https:\/\/www.europesays.com\/se\/wp-json\/wp\/v2\/tags?post=101613"}],"curies":[{"name":"wp","href":"https:\/\/api.w.org\/{rel}","templated":true}]}}