{"id":101615,"date":"2025-12-10T06:36:28","date_gmt":"2025-12-10T06:36:28","guid":{"rendered":"https:\/\/www.europesays.com\/se\/101615\/"},"modified":"2025-12-10T06:36:28","modified_gmt":"2025-12-10T06:36:28","slug":"fel-upptackt-oskarshamns-karnkraftverk-stangs-4","status":"publish","type":"post","link":"https:\/\/www.europesays.com\/se\/101615\/","title":{"rendered":"Fel uppt\u00e4ckt \u2013 Oskarshamns k\u00e4rnkraftverk st\u00e4ngs"},"content":{"rendered":"<p>Publicerad 9 dec 2025 kl 09.26Uppdaterad kl 09.36<\/p>\n<p>K\u00e4rnkraftverket i Oskarshamn kommer att st\u00e4ngas i nio dagar, meddelar \u00e4garen Uniper. Det handlar om uppt\u00e4ckta avvikelser i processvattnet fr\u00e5n reaktorinneslutningen till reningen.<\/p>\n<p>\u2013 De h\u00e4r avvikelserna \u00e4r sm\u00e5 och l\u00e5ngt under gr\u00e4nsv\u00e4rden, s\u00e4ger D\u00e9sir\u00e9e Liljevall, presschef p\u00e5 Uniper.<\/p>\n<p>Morgonkoll: Rej\u00e4lt vinstlyft f\u00f6r Rusta \u2013 fall i Asien<img   alt=\"\"\/><\/p>\n<p>Oskarshamns k\u00e4rnkraftverk.<\/p>\n<p>Foto: Fredrik Sandberg \/ TT NYHETSBYR\u00c5N<\/p>\n<p>\u00d6ppna bild i helsk\u00e4rm<\/p>\n<p>Reaktorn st\u00e4ngs ner natten till torsdag 11 december och varar till 20 december, enligt ett meddelande till elb\u00f6rsen Nord Pool.<\/p>\n","protected":false},"excerpt":{"rendered":"Publicerad 9 dec 2025 kl 09.26Uppdaterad kl 09.36 K\u00e4rnkraftverket i Oskarshamn kommer att st\u00e4ngas i nio dagar, meddelar&hellip;\n","protected":false},"author":2,"featured_media":101616,"comment_status":"","ping_status":"","sticky":false,"template":"","format":"standard","meta":{"footnotes":""},"categories":[5],"tags":[22,23,26,27,17,21,24,25,28,29,15,16,11616,18,34,154,31,33,32,30,19,1395,20],"class_list":{"0":"post-101615","1":"post","2":"type-post","3":"status-publish","4":"format-standard","5":"has-post-thumbnail","7":"category-rubriker","8":"tag-breaking-news","9":"tag-breakingnews","10":"tag-featured-news","11":"tag-featurednews","12":"tag-headlines","13":"tag-huvudnyheter","14":"tag-latest-news","15":"tag-latestnews","16":"tag-main-news","17":"tag-mainnews","18":"tag-news","19":"tag-nyheter","20":"tag-organization-oskarshamns-karnkraftverk","21":"tag-rubriker","22":"tag-se","23":"tag-sections-sverige","24":"tag-svenska","25":"tag-sverige","26":"tag-sweden","27":"tag-swedish","28":"tag-top-stories","29":"tag-topic-karnkraft","30":"tag-topstories"},"share_on_mastodon":{"url":"https:\/\/pubeurope.com\/@se\/115693891335682628","error":""},"_links":{"self":[{"href":"https:\/\/www.europesays.com\/se\/wp-json\/wp\/v2\/posts\/101615","targetHints":{"allow":["GET"]}}],"collection":[{"href":"https:\/\/www.europesays.com\/se\/wp-json\/wp\/v2\/posts"}],"about":[{"href":"https:\/\/www.europesays.com\/se\/wp-json\/wp\/v2\/types\/post"}],"author":[{"embeddable":true,"href":"https:\/\/www.europesays.com\/se\/wp-json\/wp\/v2\/users\/2"}],"replies":[{"embeddable":true,"href":"https:\/\/www.europesays.com\/se\/wp-json\/wp\/v2\/comments?post=101615"}],"version-history":[{"count":0,"href":"https:\/\/www.europesays.com\/se\/wp-json\/wp\/v2\/posts\/101615\/revisions"}],"wp:featuredmedia":[{"embeddable":true,"href":"https:\/\/www.europesays.com\/se\/wp-json\/wp\/v2\/media\/101616"}],"wp:attachment":[{"href":"https:\/\/www.europesays.com\/se\/wp-json\/wp\/v2\/media?parent=101615"}],"wp:term":[{"taxonomy":"category","embeddable":true,"href":"https:\/\/www.europesays.com\/se\/wp-json\/wp\/v2\/categories?post=101615"},{"taxonomy":"post_tag","embeddable":true,"href":"https:\/\/www.europesays.com\/se\/wp-json\/wp\/v2\/tags?post=101615"}],"curies":[{"name":"wp","href":"https:\/\/api.w.org\/{rel}","templated":true}]}}