{"id":101617,"date":"2025-12-10T06:38:09","date_gmt":"2025-12-10T06:38:09","guid":{"rendered":"https:\/\/www.europesays.com\/se\/101617\/"},"modified":"2025-12-10T06:38:09","modified_gmt":"2025-12-10T06:38:09","slug":"pelle-larsson-klev-av-skadad-igen-basket","status":"publish","type":"post","link":"https:\/\/www.europesays.com\/se\/101617\/","title":{"rendered":"Pelle Larsson klev av skadad \u2013 igen | Basket"},"content":{"rendered":"<p>Publicerad 10 dec 2025 kl 07.17<\/p>\n<p>Problemen forts\u00e4tter f\u00f6r Pelle Larsson.<\/p>\n<p>Den svenske NBA-stj\u00e4rnan tvingades kliva av nattens match efter att ha \u00e5dragit sig en ny befarad skada.<\/p>\n<p><img   alt=\"\"\/> <\/p>\n<p>Foto: ERIN HOOLEY \/ AP TT NYHETSBYR\u00c5N<\/p>\n<p>\u00d6ppna bild i helsk\u00e4rm<\/p>\n<p>Det har bara g\u00e5tt en dryg vecka sedan Pelle Larsson <a href=\"https:\/\/www.expressen.se\/sport\/basket\/pelle-larsson-lamnade-match-med-skadad-fot\" rel=\"nofollow noopener\" target=\"_blank\">klev av matchen mot Los Angeles Clippers<\/a> med en stukad h\u00f6gerfot.<\/p>\n<p>I nattens m\u00f6te mot Orlando Magic var olyckan framme igen.<\/p>\n<p>Med fyra och en halv minut kvar av den andra quartern r\u00e5kade Larsson kliva p\u00e5 lagkamraten Andrew Wiggins. Svensken f\u00f6ll till marken och h\u00f6ll om sin v\u00e4nstra fotled innan han fick hj\u00e4lpas av planen.<\/p>\n<p>Larsson \u00e5terkom aldrig i matchen, som Miami f\u00f6rlorade med 108\u2013117.\u00a0<\/p>\n<p>Miami Heralds <a href=\"https:\/\/www.expressen.se\/tagg\/organization\/nba\/\" class=\"\" rel=\"nofollow noopener\" target=\"_blank\">NBA<\/a>-reporter Anthony Chiang skriver p\u00e5 X att en f\u00f6rsta r\u00f6ntgen inte visade n\u00e5gra allvarligare skador p\u00e5 svensken. Han kommer att magnetr\u00f6ntgas senare i dag.<\/p>\n","protected":false},"excerpt":{"rendered":"Publicerad 10 dec 2025 kl 07.17 Problemen forts\u00e4tter f\u00f6r Pelle Larsson. Den svenske NBA-stj\u00e4rnan tvingades kliva av nattens&hellip;\n","protected":false},"author":2,"featured_media":101618,"comment_status":"","ping_status":"","sticky":false,"template":"","format":"standard","meta":{"footnotes":""},"categories":[68],"tags":[2722,2127,34,2126,111,110,31,33,32,30],"class_list":{"0":"post-101617","1":"post","2":"type-post","3":"status-publish","4":"format-standard","5":"has-post-thumbnail","7":"category-sport","8":"tag-organization-nba","9":"tag-person-pelle-larsson","10":"tag-se","11":"tag-sections-basket","12":"tag-sport","13":"tag-sports","14":"tag-svenska","15":"tag-sverige","16":"tag-sweden","17":"tag-swedish"},"share_on_mastodon":{"url":"https:\/\/pubeurope.com\/@se\/115693899214534255","error":""},"_links":{"self":[{"href":"https:\/\/www.europesays.com\/se\/wp-json\/wp\/v2\/posts\/101617","targetHints":{"allow":["GET"]}}],"collection":[{"href":"https:\/\/www.europesays.com\/se\/wp-json\/wp\/v2\/posts"}],"about":[{"href":"https:\/\/www.europesays.com\/se\/wp-json\/wp\/v2\/types\/post"}],"author":[{"embeddable":true,"href":"https:\/\/www.europesays.com\/se\/wp-json\/wp\/v2\/users\/2"}],"replies":[{"embeddable":true,"href":"https:\/\/www.europesays.com\/se\/wp-json\/wp\/v2\/comments?post=101617"}],"version-history":[{"count":0,"href":"https:\/\/www.europesays.com\/se\/wp-json\/wp\/v2\/posts\/101617\/revisions"}],"wp:featuredmedia":[{"embeddable":true,"href":"https:\/\/www.europesays.com\/se\/wp-json\/wp\/v2\/media\/101618"}],"wp:attachment":[{"href":"https:\/\/www.europesays.com\/se\/wp-json\/wp\/v2\/media?parent=101617"}],"wp:term":[{"taxonomy":"category","embeddable":true,"href":"https:\/\/www.europesays.com\/se\/wp-json\/wp\/v2\/categories?post=101617"},{"taxonomy":"post_tag","embeddable":true,"href":"https:\/\/www.europesays.com\/se\/wp-json\/wp\/v2\/tags?post=101617"}],"curies":[{"name":"wp","href":"https:\/\/api.w.org\/{rel}","templated":true}]}}