{"id":101619,"date":"2025-12-10T06:41:12","date_gmt":"2025-12-10T06:41:12","guid":{"rendered":"https:\/\/www.europesays.com\/se\/101619\/"},"modified":"2025-12-10T06:41:12","modified_gmt":"2025-12-10T06:41:12","slug":"a-kasse-indikatorn-farre-nya-ansokningar-om-a-kassa-i-november","status":"publish","type":"post","link":"https:\/\/www.europesays.com\/se\/101619\/","title":{"rendered":"A-kasse-indikatorn:\u00a0F\u00e4rre nya ans\u00f6kningar om a-kassa i november"},"content":{"rendered":"<p>&#13;<br \/>\n                        &#13;<br \/>\n&#13;<br \/>\n&#13;<\/p>\n<p><strong>Antalet nya ans\u00f6kningar om a-kassa forts\u00e4tter att minska. I november gjorde 27 167 personer sin f\u00f6rsta ans\u00f6kan. Det \u00e4r en minskning med 5,6 procent j\u00e4mf\u00f6rt med den senaste m\u00e4tningen i september d\u00e5 28 793 personer ans\u00f6kte f\u00f6r f\u00f6rsta g\u00e5ngen. Detta visar A-kasse-indikatorn fr\u00e5n Sveriges a-kassor.<\/strong><\/p>\n<p>&#13;<\/p>\n<p style=\" margin-bottom:8pt; margin-top:0pt;\">J\u00e4mf\u00f6rt med f\u00f6r ett \u00e5r sedan n\u00e4r 32 385 personer gjorde sin f\u00f6rsta ans\u00f6kan, \u00e4r minskningen \u00e4nnu st\u00f6rre. Sedan november 2024 har antalet nya ans\u00f6kningar om arbetsl\u00f6shetsers\u00e4ttning minskat med 16,1 procent.<\/p>\n<p style=\" margin-bottom:8pt; margin-top:0pt;\"><strong>Konsekvent minskning.<\/strong> Den successiva minskningen av antalet nya ans\u00f6kningar om arbetsl\u00f6shetsers\u00e4ttning inleddes under sommaren och har fortsatt under h\u00f6sten. Under 2024 kom en kortare period med minskande antal nya ans\u00f6kningar de tre sista m\u00e5naderna av \u00e5ret innan en \u00f6kning inleddes p\u00e5 nytt.<\/p>\n<p style=\"margin-bottom:8pt; margin-left:36pt; margin-top:0pt;\">&#8211;\u00a0\u00a0\u00a0\u00a0\u00a0\u00a0\u00a0\u00a0\u00a0 Det minskade infl\u00f6det av nya ans\u00f6kningar om ers\u00e4ttning \u00e4r mot slutet av det h\u00e4r \u00e5ret mer konsekvent och ih\u00e5llande \u00e4n 2024. Detta och andra indikatorer pekar nu mot en mer positiv riktning men vi ska samtidigt komma ih\u00e5g att vi g\u00e5r fr\u00e5n historiskt h\u00f6ga niv\u00e5er p\u00e5 arbetsl\u00f6sheten, kommenterar Tomas Eriksson, kanslichef vid Sveriges a-kassor.<\/p>\n<p style=\" margin-bottom:8pt; margin-top:0pt;\"><img loading=\"lazy\" decoding=\"async\" alt=\"En bild som visar text, sk\u00e4rmbild, Graf, linje&#10;&#10;AI-genererat inneh\u00e5ll kan vara felaktigt.\" height=\"291\" src=\"https:\/\/www.europesays.com\/se\/wp-content\/uploads\/2025\/12\/ae6288b6584ad54d_800x800ar.png\" width=\"519\"\/>\u00a0<\/p>\n<p style=\" margin-bottom:0pt; margin-left:36pt; margin-top:0pt;\">V\u00e4rdet f\u00f6r oktober i bilden <strong><strong>Nya ans\u00f6kningar om a-kassa<\/strong><\/strong> \u00e4r interpolerat, eftersom inf\u00f6randet av en ny arbetsl\u00f6shetsf\u00f6rs\u00e4kring den 1 oktober medf\u00f6rde sv\u00e5righeter att f\u00e5 fram kvalitetss\u00e4krade uppgifter om nya ans\u00f6kningar.<\/p>\n<p style=\" margin-bottom:0pt; margin-left:36pt; margin-top:0pt;\">\u00a0<\/p>\n<p style=\" margin-bottom:0pt; margin-left:36pt; margin-top:0pt;\">\u00a0<\/p>\n<p style=\" margin-bottom:8pt; margin-left:36pt; margin-top:0pt;\">\u00a0<\/p>\n<p style=\" margin-bottom:8pt; margin-top:0pt;\"><img loading=\"lazy\" decoding=\"async\" alt=\"En bild som visar text, sk\u00e4rmbild, Teckensnitt, Graf&#10;&#10;AI-genererat inneh\u00e5ll kan vara felaktigt.\" height=\"290\" src=\"https:\/\/www.europesays.com\/se\/wp-content\/uploads\/2025\/12\/8372a7223f7485ac_800x800ar.png\" width=\"482\"\/><\/p>\n<p style=\" margin-bottom:8pt; margin-top:0pt;\"><strong>\u00a0<\/strong><\/p>\n<p style=\" margin-bottom:8pt; margin-top:0pt;\"><strong>A-kasse-indikatorn<\/strong> m\u00e4ter m\u00e5nadsvis antalet nya ans\u00f6kningar om arbetsl\u00f6shetsers\u00e4ttning. A-kasse-indikatorn \u00e4r ett m\u00e5tt av utvecklingen p\u00e5 arbetsmarknaden och ett tecken p\u00e5 i vilken utstr\u00e4ckning de som \u00e4r medlemmar i en <br \/>a-kassa s\u00f6ker st\u00f6d genom arbetsl\u00f6shetsf\u00f6rs\u00e4kringen. <\/p>\n<p style=\" margin-bottom:8pt; margin-top:0pt;\">\u2013 A-kassan \u00e4r b\u00e5de en trygghets- och en omst\u00e4llningsf\u00f6rs\u00e4kring f\u00f6r att m\u00e4nniskor ska v\u00e5ga byta jobb eller bransch ocks\u00e5 i os\u00e4kra tider, s\u00e4ger Tomas Eriksson.<\/p>\n<p style=\" margin-bottom:8pt; margin-top:0pt;\">Den m\u00e5natliga statistiken i A-kasse-indikatorn \u00e4r ett bidrag till den analys som l\u00f6pande genomf\u00f6rs av utvecklingen p\u00e5 arbetsmarknaden. Statistiken uppdateras endast med den senast tillg\u00e4ngliga m\u00e5naden. Det f\u00f6rekommer att ans\u00f6knings\u00e4renden tillkommer i efterhand. Eftersom statistiken inte uppdateras l\u00e4ngre tillbaka i tiden, ing\u00e5r inte dessa \u00e4renden i diagrammet.<\/p>\n<p style=\" margin-bottom:8pt; margin-top:0pt;\"><strong>\u00a0<\/strong><\/p>\n<p style=\" margin-bottom:8pt; margin-top:0pt;\"><strong>\u00a0<\/strong><\/p>\n<p style=\" margin-bottom:8pt; margin-top:0pt;\"><strong>\u00a0<\/strong><\/p>\n<p style=\" margin-bottom:8pt; margin-top:0pt;\"><strong>F\u00f6r mer information, v. v. kontakta:<\/strong><\/p>\n<p style=\" margin-bottom:8pt; margin-top:0pt;\">Tomas Eriksson, kanslichef Sveriges a-kassor, 070-583 19 37 eller <a href=\"https:\/\/news.cision.com\/se\/sveriges-a-kassor\/r\/mailto:tomas.eriksson@sverigesakassor.se\" rel=\"nofollow noopener\" target=\"_blank\">tomas.eriksson@sverigesakassor.se<\/a>.<\/p>\n<p style=\" margin-bottom:8pt; margin-top:0pt;\"><strong>Presskontakt:<\/strong> Johan Ahlgren, kommunikationschef Sveriges a-kassor, 076-304 72 86 eller <a href=\"https:\/\/news.cision.com\/se\/sveriges-a-kassor\/r\/mailto:johan.ahlgren@sverigesakassor.se\" rel=\"nofollow noopener\" target=\"_blank\">johan.ahlgren@sverigesakassor.se<\/a> <\/p>\n<p style=\" margin-bottom:8pt; margin-top:0pt;\"><strong>\u00a0<\/strong><\/p>\n<p style=\" margin-bottom:8pt; margin-top:0pt;\"><strong>Fakta om a-kassan <\/strong><br \/>&#8211; Den nya arbetsl\u00f6shetsf\u00f6rs\u00e4kringen inf\u00f6rdes den 1 oktober 2025 och d\u00e4r baseras ers\u00e4ttningen p\u00e5 inkomst i st\u00e4llet f\u00f6r arbetad tid. Du som \u00e4r medlem i en a-kassa kan f\u00e5 ers\u00e4ttning med 80, 60 eller 50 procent av din tidigare inkomst vid arbetsl\u00f6shet. Det som avg\u00f6r hur h\u00f6g ers\u00e4ttning man kan f\u00e5 \u00e4r hur l\u00e4nge man har varit medlem. Den h\u00f6gsta inkomst som kan ers\u00e4ttas i den nya f\u00f6rs\u00e4kringen \u00e4r 34\u00a0000 kronor i m\u00e5naden.<br \/>&#8211; I den tidigare arbetsl\u00f6shetsf\u00f6rs\u00e4kringen, som under en period kommer att g\u00e4lla parallellt med den nya f\u00f6rs\u00e4kringen, kan du som \u00e4r medlem i en a-kassa f\u00e5 upp till 80 procent av din tidigare l\u00f6n i ers\u00e4ttning vid arbetsl\u00f6shet. Som h\u00f6gst kan man f\u00e5 27\u00a0200 kronor per m\u00e5nad f\u00f6re skatt. Det kan j\u00e4mf\u00f6ras med den l\u00e4gre grunders\u00e4ttningen p\u00e5 upp till 11\u00a0220 kronor i m\u00e5naden som den som inte \u00e4r medlem i en a-kassa kan ans\u00f6ka om. <br \/>&#8211; Sju av tio svenskar \u00e4r medlemmar i a-kassan.<br \/>&#8211; Som medlem i a-kassan kan du f\u00e5 en h\u00f6gre ers\u00e4ttning vid arbetsl\u00f6shet baserad p\u00e5 din tidigare inkomst.<br \/>&#8211; I Sverige finns 24 olika a-kassor, de flesta \u00e4r specialiserade p\u00e5 olika yrkesomr\u00e5den. <br \/>&#8211; A-kassorna och arbetsl\u00f6shetsf\u00f6rs\u00e4kringen finansieras av medlemsavgifter, arbetsgivaravgifter och f\u00f6retagarnas egenavgifter.<br \/>\u00a0<\/p>\n<p style=\" margin-bottom:8pt; margin-top:0pt;\">\u00a0<\/p>\n<p>&#13;<br \/>\n&#13;<br \/>\n&#13;<\/p>\n<p><strong>F\u00f6r mer information, kontakta g\u00e4rna:<\/strong><\/p>\n<p><strong>Tomas Eriksson<\/strong><br \/>Kanslichef Sveriges a-kassor<br \/>070-583 19 37<br \/><a href=\"https:\/\/news.cision.com\/se\/sveriges-a-kassor\/r\/mailto:tomas.eriksson@sverigesakassor.se\" rel=\"nofollow noopener\" target=\"_blank\">tomas.eriksson@sverigesakassor.se<\/a>\u00a0<\/p>\n<p><strong>Johan Ahlgren<\/strong><br \/>Kommunikationschef Sveriges a-kassor<br \/>076-304 72 86<br \/><a href=\"https:\/\/news.cision.com\/se\/sveriges-a-kassor\/r\/mailto:tomas.eriksson@sverigesakassor.se\" rel=\"nofollow noopener\" target=\"_blank\">johan.ahlgren@sverigesakassor.se<\/a>\u00a0<\/p>\n<p>&#13;<\/p>\n<p>Sveriges a-kassor \u00e4r service- och intresseorganisation f\u00f6r 24\u00a0a-kassor med totalt 3,9\u00a0miljoner medlemmar. Vi arbetar f\u00f6r att \u00e4nnu fler ska f\u00e5 tillg\u00e5ng till tryggheten som a-kassan inneb\u00e4r. V\u00e5rt uppdrag \u00e4r att st\u00f6tta a-kassorna med opinionsbildning, utbildning och IT-utveckling. L\u00e4s mer p\u00e5 <a href=\"http:\/\/www.sverigesakassor.se\/\" rel=\"nofollow noopener\" target=\"_blank\">www.sverigesakassor.se<\/a>.<\/p>\n<p><strong>Taggar:<\/strong><\/p>\n<p>&#13;<br \/>\n&#13;<br \/>\n&#13;<\/p>\n","protected":false},"excerpt":{"rendered":"&#13; &#13; &#13; &#13; Antalet nya ans\u00f6kningar om a-kassa forts\u00e4tter att minska. I november gjorde 27 167 personer&hellip;\n","protected":false},"author":2,"featured_media":101620,"comment_status":"","ping_status":"","sticky":false,"template":"","format":"standard","meta":{"footnotes":""},"categories":[65],"tags":[837,5333,5332,11617,72,70,71,34,31,33,5335,32,30],"class_list":{"0":"post-101619","1":"post","2":"type-post","3":"status-publish","4":"format-standard","5":"has-post-thumbnail","7":"category-ekonomi","8":"tag-a-kassa","9":"tag-a-kassan","10":"tag-arbetslshet","11":"tag-arbetslshetsersttning","12":"tag-business","13":"tag-economy","14":"tag-ekonomi","15":"tag-se","16":"tag-svenska","17":"tag-sverige","18":"tag-sveriges-a-kassor","19":"tag-sweden","20":"tag-swedish"},"share_on_mastodon":{"url":"https:\/\/pubeurope.com\/@se\/115693911164488082","error":""},"_links":{"self":[{"href":"https:\/\/www.europesays.com\/se\/wp-json\/wp\/v2\/posts\/101619","targetHints":{"allow":["GET"]}}],"collection":[{"href":"https:\/\/www.europesays.com\/se\/wp-json\/wp\/v2\/posts"}],"about":[{"href":"https:\/\/www.europesays.com\/se\/wp-json\/wp\/v2\/types\/post"}],"author":[{"embeddable":true,"href":"https:\/\/www.europesays.com\/se\/wp-json\/wp\/v2\/users\/2"}],"replies":[{"embeddable":true,"href":"https:\/\/www.europesays.com\/se\/wp-json\/wp\/v2\/comments?post=101619"}],"version-history":[{"count":0,"href":"https:\/\/www.europesays.com\/se\/wp-json\/wp\/v2\/posts\/101619\/revisions"}],"wp:featuredmedia":[{"embeddable":true,"href":"https:\/\/www.europesays.com\/se\/wp-json\/wp\/v2\/media\/101620"}],"wp:attachment":[{"href":"https:\/\/www.europesays.com\/se\/wp-json\/wp\/v2\/media?parent=101619"}],"wp:term":[{"taxonomy":"category","embeddable":true,"href":"https:\/\/www.europesays.com\/se\/wp-json\/wp\/v2\/categories?post=101619"},{"taxonomy":"post_tag","embeddable":true,"href":"https:\/\/www.europesays.com\/se\/wp-json\/wp\/v2\/tags?post=101619"}],"curies":[{"name":"wp","href":"https:\/\/api.w.org\/{rel}","templated":true}]}}