{"id":101621,"date":"2025-12-10T06:46:06","date_gmt":"2025-12-10T06:46:06","guid":{"rendered":"https:\/\/www.europesays.com\/se\/101621\/"},"modified":"2025-12-10T06:46:06","modified_gmt":"2025-12-10T06:46:06","slug":"moa-lundgrens-chansning-spontanresa-till-davos-langdskidor","status":"publish","type":"post","link":"https:\/\/www.europesays.com\/se\/101621\/","title":{"rendered":"Moa Lundgrens chansning \u2013 spontanresa till Davos | L\u00e4ngdskidor"},"content":{"rendered":"<p>Publicerad 10 dec 2025 kl 06.58Uppdaterad kl 07.39<\/p>\n<p>Moa Lundgren petades fr\u00e5n v\u00e4rldscupen i Trondheim.<\/p>\n<p>D\u00e5 chansade hon \u2013 och bokade en spontanresa med pojkv\u00e4nnen Gustav till Davos.<\/p>\n<p>\u2013 Jag ringde tr\u00e4naren och sa \u201dnu har jag kanske gjort n\u00e5got sjukt\u201d, s\u00e4ger Lundgren i Expressens skidpodd Vallaboden.<\/p>\n<p><img loading=\"lazy\"   alt=\"\"\/><\/p>\n<p>Moa Lundgren i l\u00e4genheten i Davos hon hyr med pojkv\u00e4nnen Gustav.<\/p>\n<p>Foto: Expressen<\/p>\n<p>\u00d6ppna bild i helsk\u00e4rm<img loading=\"lazy\"   alt=\"\"\/> <\/p>\n<p>Foto: Nordic Focus BILDBYR\u00c5N<\/p>\n<p>\u00d6ppna bild i helsk\u00e4rm<img alt=\"\"\/>Ljudklippet gick inte att spela upp<\/p>\n<p>F\u00f6rs\u00f6k igen senare<\/p>\n<p><a href=\"https:\/\/www.expressen.se\/tagg\/person\/moa-lundgren\/\" class=\"\" rel=\"nofollow noopener\" target=\"_blank\">Moa Lundgren<\/a> slogs ut i kvartsfinal i sprinten och missade topp 20 i det klassiska distansloppet.\u00a0<\/p>\n<p>Konsekvensen av det? Hon petades fr\u00e5n truppen till n\u00e4sta v\u00e4rldscuphelg i Trondheim.<\/p>\n<p>\u2013 Jag k\u00e4nde att jag var i lite f\u00f6r bra form f\u00f6r att inte t\u00e4vla, s\u00e5 det k\u00e4ndes f\u00f6r j\u00e4vligt helt enkelt, s\u00e4ger Lundgren n\u00e4r hon g\u00e4star Expressens skidpodd Vallaboden.<\/p>\n<p>\u2013 Men sedan v\u00e4nde det n\u00e4r jag fick ett nytt \u00e4ventyr framf\u00f6r mig.<\/p>\n<p>P\u00e5 ren chans valde Moa Lundgren och pojkv\u00e4nnen Gustav Kvarnbrink att resa ner till schweiziska Davos, d\u00e4r v\u00e4rldscupen forts\u00e4tter efter t\u00e4vlingarna i Trondheim.<\/p>\n<p><img loading=\"lazy\"   alt=\"\"\/><\/p>\n<p>Moa Lundgren och Gustav Kvarnbrink.<\/p>\n<p>\u00d6ppna bild i helsk\u00e4rmSamtalet med tr\u00e4naren: \u201dHan b\u00f6rjade skratta\u201d<\/p>\n<p>Id\u00e9n f\u00f6ddes vid onsdag lunch och p\u00e5 eftermiddagen var biljetterna bokade. Dagen efter fl\u00f6g Lundgren och Kvarnbrink ner till Schweiz.<\/p>\n<p>\u2013 Jag ringde till tr\u00e4naren Stefan (Thomson, landslagstr\u00e4nare) och sa: \u201dNu har jag kanske gjort n\u00e5got sjukt. Jag vet att jag absolut inte \u00e4r uttagen dit \u00e4n men jag har bokat en resa till Davos\u201d, s\u00e4ger Moa Lundgren.<\/p>\n<p><strong>Vad svarade Stefan d\u00e5?<\/strong><\/p>\n<p>\u2013 Han b\u00f6rjade skratta och sa att det alltid \u00e4r kul att prata med mig. Han ville bara vara p\u00e5 det klara att jag inte var uttagen, sen sa han att det bara var att \u00e5ka.<\/p>\n<p>Chansningen gick hem.<\/p>\n<p>Moa Lundgren \u00e4r uttagen till helgens t\u00e4vlingar i Davos som blir viktiga i jakten mot Tour de ski och OS.<\/p>\n<p>\u2013 Det \u00e4r mycket som st\u00e5r p\u00e5 spel nu innan jul, s\u00e4ger hon i Vallaboden.<\/p>\n","protected":false},"excerpt":{"rendered":"Publicerad 10 dec 2025 kl 06.58Uppdaterad kl 07.39 Moa Lundgren petades fr\u00e5n v\u00e4rldscupen i Trondheim. D\u00e5 chansade hon&hellip;\n","protected":false},"author":2,"featured_media":101622,"comment_status":"","ping_status":"","sticky":false,"template":"","format":"standard","meta":{"footnotes":""},"categories":[68],"tags":[3484,34,857,111,110,31,33,32,30],"class_list":{"0":"post-101621","1":"post","2":"type-post","3":"status-publish","4":"format-standard","5":"has-post-thumbnail","7":"category-sport","8":"tag-person-moa-lundgren","9":"tag-se","10":"tag-sections-langdskidor","11":"tag-sport","12":"tag-sports","13":"tag-svenska","14":"tag-sverige","15":"tag-sweden","16":"tag-swedish"},"share_on_mastodon":{"url":"https:\/\/pubeurope.com\/@se\/115693930607188603","error":""},"_links":{"self":[{"href":"https:\/\/www.europesays.com\/se\/wp-json\/wp\/v2\/posts\/101621","targetHints":{"allow":["GET"]}}],"collection":[{"href":"https:\/\/www.europesays.com\/se\/wp-json\/wp\/v2\/posts"}],"about":[{"href":"https:\/\/www.europesays.com\/se\/wp-json\/wp\/v2\/types\/post"}],"author":[{"embeddable":true,"href":"https:\/\/www.europesays.com\/se\/wp-json\/wp\/v2\/users\/2"}],"replies":[{"embeddable":true,"href":"https:\/\/www.europesays.com\/se\/wp-json\/wp\/v2\/comments?post=101621"}],"version-history":[{"count":0,"href":"https:\/\/www.europesays.com\/se\/wp-json\/wp\/v2\/posts\/101621\/revisions"}],"wp:featuredmedia":[{"embeddable":true,"href":"https:\/\/www.europesays.com\/se\/wp-json\/wp\/v2\/media\/101622"}],"wp:attachment":[{"href":"https:\/\/www.europesays.com\/se\/wp-json\/wp\/v2\/media?parent=101621"}],"wp:term":[{"taxonomy":"category","embeddable":true,"href":"https:\/\/www.europesays.com\/se\/wp-json\/wp\/v2\/categories?post=101621"},{"taxonomy":"post_tag","embeddable":true,"href":"https:\/\/www.europesays.com\/se\/wp-json\/wp\/v2\/tags?post=101621"}],"curies":[{"name":"wp","href":"https:\/\/api.w.org\/{rel}","templated":true}]}}