{"id":101627,"date":"2025-12-10T06:57:10","date_gmt":"2025-12-10T06:57:10","guid":{"rendered":"https:\/\/www.europesays.com\/se\/101627\/"},"modified":"2025-12-10T06:57:10","modified_gmt":"2025-12-10T06:57:10","slug":"clas-ohlson-i-linje-med-forvantningarna-ser-bra-start-pa-julhandeln","status":"publish","type":"post","link":"https:\/\/www.europesays.com\/se\/101627\/","title":{"rendered":"Clas Ohlson i linje med f\u00f6rv\u00e4ntningarna \u2013\u00a0ser bra start p\u00e5 julhandeln"},"content":{"rendered":"<p class=\"\">Clas Ohlson redovisade en f\u00f6rs\u00e4ljning i det andra kvartalet (augusti-oktober) p\u00e5 3 009 miljoner kronor. Siffran var k\u00e4nd sedan innan och motsvarar en organisk f\u00f6rs\u00e4ljningstillv\u00e4xt p\u00e5 9 procent i kvartalet.<\/p>\n<p class=\"\">\u201dOmst\u00e4llningen fr\u00e5n sommar till h\u00f6st har g\u00e5tt enligt plan med m\u00e5nga uppskattade produktnyheter som driver kundtrafik och f\u00f6rs\u00e4ljning. F\u00f6rs\u00e4ljningen v\u00e4xer i samtliga prioriterade produktnischer och p\u00e5 samtliga hemmamarknader\u201d, kommenterar vd Kristofer Tonstr\u00f6m i rapporten.<\/p>\n<p>L\u00f6nsamheten i linje med estimaten<\/p>\n<p class=\"\">R\u00f6relseresultatet landade p\u00e5 410 miljoner kronor, vilket var i linje med v\u00e4ntade 411 miljoner kronor enligt Infronts estimat.<\/p>\n<p class=\"\">Bruttomarginalen blev 48,7 procent, j\u00e4mf\u00f6rt med f\u00f6rv\u00e4ntade 47,9 procent.<\/p>\n<p class=\"\">Den st\u00e4rkta l\u00f6nsamheten ser Clas Ohlson beror p\u00e5 \u201dl\u00e4gre ink\u00f6pspriser och positiva mixeffekter, bland annat kopplat till l\u00e4gre f\u00f6rs\u00e4ljning i Spares B2B-aff\u00e4r\u201d, vilket framg\u00e5r av rapporten.<\/p>\n<p>Black Week gav \u201den ytterligare skjuts\u201d<\/p>\n<p class=\"\">Clas Ohlsons organiska f\u00f6rs\u00e4ljning \u00f6kade med 6 procent i november.<\/p>\n<p class=\"\">\u201dVi har f\u00e5tt en bra start med en organisk f\u00f6rs\u00e4ljnings\u00f6kning om sex procent i november, d\u00e4r vi ser att kunderna uppskattar bredden i v\u00e5rt erbjudande med b\u00e5de produkter f\u00f6r f\u00f6rberedelserna inf\u00f6r jul s\u00e5v\u00e4l som julklappar till hela familjen\u201d, skriver han i vd-ordet och forts\u00e4tter sedan:<\/p>\n<p class=\"\">\u201dBlack Week innebar en ytterligare skjuts i f\u00f6rs\u00e4ljningen och vi ska nu h\u00e5lla i v\u00e5rt positiva momentum med snabba leveranser och ett riktigt bra kundm\u00f6te hela december ut\u201d.<\/p>\n","protected":false},"excerpt":{"rendered":"Clas Ohlson redovisade en f\u00f6rs\u00e4ljning i det andra kvartalet (augusti-oktober) p\u00e5 3 009 miljoner kronor. Siffran var k\u00e4nd&hellip;\n","protected":false},"author":2,"featured_media":101628,"comment_status":"","ping_status":"","sticky":false,"template":"","format":"standard","meta":{"footnotes":""},"categories":[65],"tags":[72,70,71,34,31,33,32,30],"class_list":{"0":"post-101627","1":"post","2":"type-post","3":"status-publish","4":"format-standard","5":"has-post-thumbnail","7":"category-ekonomi","8":"tag-business","9":"tag-economy","10":"tag-ekonomi","11":"tag-se","12":"tag-svenska","13":"tag-sverige","14":"tag-sweden","15":"tag-swedish"},"share_on_mastodon":{"url":"https:\/\/pubeurope.com\/@se\/115693973938380383","error":""},"_links":{"self":[{"href":"https:\/\/www.europesays.com\/se\/wp-json\/wp\/v2\/posts\/101627","targetHints":{"allow":["GET"]}}],"collection":[{"href":"https:\/\/www.europesays.com\/se\/wp-json\/wp\/v2\/posts"}],"about":[{"href":"https:\/\/www.europesays.com\/se\/wp-json\/wp\/v2\/types\/post"}],"author":[{"embeddable":true,"href":"https:\/\/www.europesays.com\/se\/wp-json\/wp\/v2\/users\/2"}],"replies":[{"embeddable":true,"href":"https:\/\/www.europesays.com\/se\/wp-json\/wp\/v2\/comments?post=101627"}],"version-history":[{"count":0,"href":"https:\/\/www.europesays.com\/se\/wp-json\/wp\/v2\/posts\/101627\/revisions"}],"wp:featuredmedia":[{"embeddable":true,"href":"https:\/\/www.europesays.com\/se\/wp-json\/wp\/v2\/media\/101628"}],"wp:attachment":[{"href":"https:\/\/www.europesays.com\/se\/wp-json\/wp\/v2\/media?parent=101627"}],"wp:term":[{"taxonomy":"category","embeddable":true,"href":"https:\/\/www.europesays.com\/se\/wp-json\/wp\/v2\/categories?post=101627"},{"taxonomy":"post_tag","embeddable":true,"href":"https:\/\/www.europesays.com\/se\/wp-json\/wp\/v2\/tags?post=101627"}],"curies":[{"name":"wp","href":"https:\/\/api.w.org\/{rel}","templated":true}]}}