{"id":101632,"date":"2025-12-10T07:05:09","date_gmt":"2025-12-10T07:05:09","guid":{"rendered":"https:\/\/www.europesays.com\/se\/101632\/"},"modified":"2025-12-10T07:05:09","modified_gmt":"2025-12-10T07:05:09","slug":"lovable-grundarna-anton-osika-och-fabian-hedin-vinnare-av-arets-ai-svensk-2025","status":"publish","type":"post","link":"https:\/\/www.europesays.com\/se\/101632\/","title":{"rendered":"Lovable-grundarna Anton Osika och Fabian Hedin vinnare av \u00c5rets AI-svensk 2025"},"content":{"rendered":"<p><strong><\/p>\n<p>TechSverige presenterar i dag vinnarna av \u00c5rets AI-svensk 2025 \u2013 utm\u00e4rkelsen som lyfter personer som p\u00e5 ett avg\u00f6rande s\u00e4tt st\u00e4rkt utvecklingen och synligg\u00f6randet av svensk AI. \u00c5rets pristagare \u00e4r Anton\u00a0Osika\u00a0och Fabian Hedin, grundarna av det snabbv\u00e4xande svenska AI-bolaget Lovable.<\/p>\n<p><\/strong><\/p>\n<p>Anton\u00a0Osika\u00a0och Fabian Hedin bel\u00f6nas f\u00f6r sitt banbrytande arbete med att g\u00f6ra avancerad AI tillg\u00e4nglig, inspirerande och m\u00e4nsklig. Genom att kombinera teknisk spets med kreativt nyt\u00e4nkande har de p\u00e5 rekordtid byggt ett svenskt AI-bolag med global r\u00e4ckvidd och visat hur entrepren\u00f6rskap kan driva b\u00e5de innovation och utveckling fram\u00e5t.\u00a0<\/p>\n<p>\u2013 Anton och Fabian representerar den nya v\u00e5gen av svenska AI-entrepren\u00f6rer \u2013 snabbr\u00f6rliga, kreativa och globala i sitt t\u00e4nk. De visar att Sverige \u00e4r en kraft att r\u00e4kna med i det globala teknikskiftet och att innovation i v\u00e4rldsklass v\u00e4xer\u00a0fram h\u00e4r. Deras resa inspirerar fler att bygga, testa och dr\u00f6mma stort, s\u00e4ger \u00c5sa Zetterberg, vd p\u00e5 TechSverige och juryns ordf\u00f6rande.\u00a0<\/p>\n<p><strong>Juryns motivering:<br \/><\/strong>I en tid n\u00e4r AI f\u00f6r\u00e4ndrar spelplanen har \u00e5rets vinnare visat vad verkligt entrepren\u00f6rskap handlar om \u2013 att v\u00e5ga g\u00e5 f\u00f6re, t\u00e4nka nytt och oms\u00e4tta id\u00e9er till verklighet. Genom att f\u00f6rena teknisk sk\u00e4rpa med kreativ vision har de byggt ett svenskt AI-bolag som p\u00e5 kort tid n\u00e5tt en global publik. De har p\u00e5 ett s\u00e4tt som f\u00e5 andra lyckats g\u00f6ra AI till n\u00e5got m\u00e4nskligt och inspirerande \u2013 en kraft som v\u00e4cker nyfikenhet och kreativitet.\u00a0Deras resa visar hur entrepren\u00f6rskap, n\u00e4r det drivs av \u00f6vertygelse, kan skapa b\u00e5de aff\u00e4rsm\u00e4ssig framg\u00e5ng och en positiv f\u00f6r\u00e4ndring i hur v\u00e4rlden ser p\u00e5 svensk innovation. Deras arbete inspirerar andra att agera, utforska och se m\u00f6jligheterna i den nya AI-eran.\u00a0Med sitt ledarskap, sin nyfikenhet och sin vilja att dela kunskap visar de v\u00e4gen f\u00f6r en ny generation f\u00f6retagare och hur Sverige kan ta en ledande roll i den globala AI-utvecklingen.\u00a0Genom sina internationella framg\u00e5ngar har de satt svensk kreativitet, ingenj\u00f6rskonst och entrepren\u00f6rsanda p\u00e5 v\u00e4rldskartan och visat att framtidens AI formas h\u00e4r.\u00a0\u00a0<\/p>\n<p><strong>Ledam\u00f6ter i juryn:\u00a0<\/strong><br \/>Susanne Ackum, akademichef, Linn\u00e9universitetet, tidigare huvudsekreterare AI-kommissionen\u00a0<br \/>Ather Gattami, forskare och entrepren\u00f6r, programledare AI-podden\u00a0<br \/>Daniel Gillblad,\u00a0Chief\u00a0of\u00a0AI p\u00e5\u00a0Recorded\u00a0Future\u00a0och senior r\u00e5dgivare p\u00e5 AI Sweden\u00a0<br \/>Ann-Charlotte Munkhammar, enhetschef f\u00f6r till\u00e4mpad AI, F\u00f6rs\u00e4kringskassan\u00a0<br \/>Jeanette Nilsson, projektledare, RISE\u00a0<br \/>Ted Sch\u00f6nbeck, nordisk CTO, Google Cloud\u00a0<br \/>Lina von Sydow, professor i ber\u00e4kningsvetenskap vid institutionen f\u00f6r informationsteknologi, Uppsala universitet\u00a0<br \/>\u00c5sa Zetterberg, vd, TechSverige (ordf\u00f6rande)\u00a0<br \/>\u00a0<br \/><strong>Om \u00c5rets AI-svensk:<\/strong><br \/>\u00c5rets AI-svensk \u00e4r ett pris som delas ut av TechSverige. Utm\u00e4rkelsen g\u00e5r till en person som bidragit till utvecklingen och synligg\u00f6randet av svensk AI. Det \u00e4r sj\u00e4tte \u00e5ret i rad som priset delas ut och fjol\u00e5rets vinnare var Agnes Stenbom, chef f\u00f6r inkluderingslabbet IN\/LAB och ansvarig f\u00f6r f\u00f6rtroendefr\u00e5gor p\u00e5 Schibsted Media samt grundare av initiativet Nordic AI journalism. L\u00e4s mer om priset p\u00e5\u00a0<a href=\"https:\/\/www.aretsaisvensk.se\/\" target=\"_blank\" rel=\"nofollow noopener\">aretsaisvensk.se<\/a><\/p>\n","protected":false},"excerpt":{"rendered":"TechSverige presenterar i dag vinnarna av \u00c5rets AI-svensk 2025 \u2013 utm\u00e4rkelsen som lyfter personer som p\u00e5 ett avg\u00f6rande&hellip;\n","protected":false},"author":2,"featured_media":101633,"comment_status":"","ping_status":"","sticky":false,"template":"","format":"standard","meta":{"footnotes":""},"categories":[65],"tags":[72,70,71,34,31,33,32,30],"class_list":{"0":"post-101632","1":"post","2":"type-post","3":"status-publish","4":"format-standard","5":"has-post-thumbnail","7":"category-ekonomi","8":"tag-business","9":"tag-economy","10":"tag-ekonomi","11":"tag-se","12":"tag-svenska","13":"tag-sverige","14":"tag-sweden","15":"tag-swedish"},"share_on_mastodon":{"url":"https:\/\/pubeurope.com\/@se\/115694005404371451","error":""},"_links":{"self":[{"href":"https:\/\/www.europesays.com\/se\/wp-json\/wp\/v2\/posts\/101632","targetHints":{"allow":["GET"]}}],"collection":[{"href":"https:\/\/www.europesays.com\/se\/wp-json\/wp\/v2\/posts"}],"about":[{"href":"https:\/\/www.europesays.com\/se\/wp-json\/wp\/v2\/types\/post"}],"author":[{"embeddable":true,"href":"https:\/\/www.europesays.com\/se\/wp-json\/wp\/v2\/users\/2"}],"replies":[{"embeddable":true,"href":"https:\/\/www.europesays.com\/se\/wp-json\/wp\/v2\/comments?post=101632"}],"version-history":[{"count":0,"href":"https:\/\/www.europesays.com\/se\/wp-json\/wp\/v2\/posts\/101632\/revisions"}],"wp:featuredmedia":[{"embeddable":true,"href":"https:\/\/www.europesays.com\/se\/wp-json\/wp\/v2\/media\/101633"}],"wp:attachment":[{"href":"https:\/\/www.europesays.com\/se\/wp-json\/wp\/v2\/media?parent=101632"}],"wp:term":[{"taxonomy":"category","embeddable":true,"href":"https:\/\/www.europesays.com\/se\/wp-json\/wp\/v2\/categories?post=101632"},{"taxonomy":"post_tag","embeddable":true,"href":"https:\/\/www.europesays.com\/se\/wp-json\/wp\/v2\/tags?post=101632"}],"curies":[{"name":"wp","href":"https:\/\/api.w.org\/{rel}","templated":true}]}}