{"id":101660,"date":"2025-12-10T07:29:15","date_gmt":"2025-12-10T07:29:15","guid":{"rendered":"https:\/\/www.europesays.com\/se\/101660\/"},"modified":"2025-12-10T07:29:15","modified_gmt":"2025-12-10T07:29:15","slug":"farre-nya-ansokningar-om-a-kassa-5","status":"publish","type":"post","link":"https:\/\/www.europesays.com\/se\/101660\/","title":{"rendered":"F\u00e4rre nya ans\u00f6kningar om a-kassa"},"content":{"rendered":"<p>\t\t\t\t\t<a href=\"https:\/\/www.tn.se\/den-svenska-arbetsmarknaden\/\" rel=\"nofollow noopener\" target=\"_blank\"><br \/>\n\t\t\t\tDEN SVENSKA ARBETSMARKNADEN<br \/>\n\t\t\t<\/a><\/p>\n<p>\t\t\t\t<img decoding=\"async\" class=\"figure-img img-fluid\"  src=\"https:\/\/www.europesays.com\/se\/wp-content\/uploads\/2025\/12\/1765351755_690_bilder.tn.se\" alt=\"\" itemprop=\"image\"\/><\/p>\n<p>\t\t\t\t\t\t\t\t\tNya ans\u00f6kningar om a-kassa minskar. Arkivbild.<br \/>\n\t\t\t\t\t\t\t\t\t\t\t\t\tBild:<br \/>\n\t\t\t\t\tJohan Nilsson\/TT<\/p>\n<p>\n\t\tPublicerad:<br \/>\n\t\t10 dec 2025, 07:29\n\t<\/p>\n<p>Ekonomi (TT)<\/p>\n<p class=\"ew-preamble\" itemprop=\"description\">Antalet nya ans\u00f6kningar om a-kassa forts\u00e4tter att minska. I november var de 5,6 procent f\u00e4rre \u00e4n vid senaste m\u00e4tningen i september.<\/p>\n<p class=\"ew-body\">J\u00e4mf\u00f6rt med f\u00f6r ett \u00e5r sedan \u00e4r minskningen \u00e4nnu st\u00f6rre. Sedan november 2024 har antalet nya ans\u00f6kningar om arbetsl\u00f6shetsers\u00e4ttning minskat med 16,1 procent, enligt A-kasse-indikatorn fr\u00e5n Sveriges a-kassor.<\/p>\n<p class=\"ew-body\">A-kasse-indikatorn m\u00e4ter m\u00e5nadsvis antalet nya ans\u00f6kningar om arbetsl\u00f6shetsers\u00e4ttning. A-kasse-indikatorn \u00e4r ett m\u00e5tt av utvecklingen p\u00e5 arbetsmarknaden och ett tecken p\u00e5 i vilken utstr\u00e4ckning de som \u00e4r medlemmar i en a-kassa s\u00f6ker st\u00f6d genom arbetsl\u00f6shetsf\u00f6rs\u00e4kringen.<\/p>\n<p>\n\t\tPublicerad:<br \/>\n\t\t10 dec 2025, 07:29\n\t<\/p>\n","protected":false},"excerpt":{"rendered":"DEN SVENSKA ARBETSMARKNADEN Nya ans\u00f6kningar om a-kassa minskar. Arkivbild. Bild: Johan Nilsson\/TT Publicerad: 10 dec 2025, 07:29 Ekonomi&hellip;\n","protected":false},"author":2,"featured_media":55988,"comment_status":"","ping_status":"","sticky":false,"template":"","format":"standard","meta":{"footnotes":""},"categories":[65],"tags":[72,70,71,34,31,33,32,30],"class_list":{"0":"post-101660","1":"post","2":"type-post","3":"status-publish","4":"format-standard","5":"has-post-thumbnail","7":"category-ekonomi","8":"tag-business","9":"tag-economy","10":"tag-ekonomi","11":"tag-se","12":"tag-svenska","13":"tag-sverige","14":"tag-sweden","15":"tag-swedish"},"share_on_mastodon":{"url":"https:\/\/pubeurope.com\/@se\/115694099828989586","error":""},"_links":{"self":[{"href":"https:\/\/www.europesays.com\/se\/wp-json\/wp\/v2\/posts\/101660","targetHints":{"allow":["GET"]}}],"collection":[{"href":"https:\/\/www.europesays.com\/se\/wp-json\/wp\/v2\/posts"}],"about":[{"href":"https:\/\/www.europesays.com\/se\/wp-json\/wp\/v2\/types\/post"}],"author":[{"embeddable":true,"href":"https:\/\/www.europesays.com\/se\/wp-json\/wp\/v2\/users\/2"}],"replies":[{"embeddable":true,"href":"https:\/\/www.europesays.com\/se\/wp-json\/wp\/v2\/comments?post=101660"}],"version-history":[{"count":0,"href":"https:\/\/www.europesays.com\/se\/wp-json\/wp\/v2\/posts\/101660\/revisions"}],"wp:featuredmedia":[{"embeddable":true,"href":"https:\/\/www.europesays.com\/se\/wp-json\/wp\/v2\/media\/55988"}],"wp:attachment":[{"href":"https:\/\/www.europesays.com\/se\/wp-json\/wp\/v2\/media?parent=101660"}],"wp:term":[{"taxonomy":"category","embeddable":true,"href":"https:\/\/www.europesays.com\/se\/wp-json\/wp\/v2\/categories?post=101660"},{"taxonomy":"post_tag","embeddable":true,"href":"https:\/\/www.europesays.com\/se\/wp-json\/wp\/v2\/tags?post=101660"}],"curies":[{"name":"wp","href":"https:\/\/api.w.org\/{rel}","templated":true}]}}