{"id":101663,"date":"2025-12-10T07:34:07","date_gmt":"2025-12-10T07:34:07","guid":{"rendered":"https:\/\/www.europesays.com\/se\/101663\/"},"modified":"2025-12-10T07:34:07","modified_gmt":"2025-12-10T07:34:07","slug":"erik-karlssons-mardrom-kostade-pittsburgh-segern-nhl","status":"publish","type":"post","link":"https:\/\/www.europesays.com\/se\/101663\/","title":{"rendered":"Erik Karlssons mardr\u00f6m \u2013 kostade Pittsburgh segern | NHL"},"content":{"rendered":"<p>Publicerad 10 dec 2025 kl 06.28Uppdaterad kl 07.18<\/p>\n<p>LOS ANGELES. Det var h\u00f6stens sn\u00f6pligaste bakl\u00e4ngesm\u00e5l.<\/p>\n<p>Och det kostade Pittsburgh Penguins tv\u00e5 po\u00e4ng i natt.<\/p>\n<p>Bara en tiondels sekund \u00e5terstod av matchen n\u00e4r Anaheim Ducks lyckades kvittera till 3-3 p\u00e5 bortaplan i PPG Paints Arena.<\/p>\n<p>I numer\u00e4rt underl\u00e4ge, dessutom.<\/p>\n<p>Sedan vann man den avg\u00f6rande straffl\u00e4ggningen och plockade hem extrapo\u00e4ngen efter en 4-3-seger.<\/p>\n<p><img   alt=\"\"\/> <\/p>\n<p>Foto: PETER HANSSON \/ STELLA PICTURES<\/p>\n<p>\u00d6ppna bild i helsk\u00e4rm<\/p>\n<p>En bitter f\u00f6rlust, milt uttryckt.<\/p>\n<p>Och det var <a href=\"https:\/\/www.expressen.se\/tagg\/person\/erik-karlsson\/\" class=\"\" rel=\"nofollow noopener\" target=\"_blank\">Erik Karlsson<\/a> som var olycksf\u00e5geln.<\/p>\n<p>Han f\u00f6rs\u00f6kte hj\u00e4lpa m\u00e5lvakten Arturs Silovs att f\u00e5 kontroll \u00f6ver pucken, som Ducksforwarden Beckett Sennecke kastade iv\u00e4g mot kassen i slutsekunden.<\/p>\n<p>P\u00e5 n\u00e5got underligt s\u00e4tt f\u00f6rsvann pucken in bakom Silovs via Karlssons handske samtidigt som han kanade in i sin m\u00e5lvakt och Anaheim lyckades ta matchen till f\u00f6rl\u00e4ngning.<\/p>\n<p>\u2013 Jag vet inte vad som h\u00e4nde, jag har inte sett reprisen \u00e4n. Men det borde inte ha skett. Det h\u00e4r \u00e4r en match som borde ha slutat annorlunda, s\u00e4ger Erik Karlsson n\u00e4r han m\u00f6ter pressen efter\u00e5t.<\/p>\n<p><img loading=\"lazy\"   alt=\"\"\/> <\/p>\n<p>Foto: Viaplay<\/p>\n<p>\u00d6ppna bild i helsk\u00e4rm<\/p>\n<p>Efter fem m\u00e5ll\u00f6sa minuter kom avg\u00f6randet p\u00e5 straffar och d\u00e4r inledde Leo Carlsson med att spr\u00e4tta upp pucken i n\u00e4ttaket med en backhand.<\/p>\n<p>Det blev det matchavg\u00f6rande m\u00e5let den h\u00e4r kv\u00e4llen.<\/p>\n<p>Ville Husso hyllas<\/p>\n<p>Men den stora hj\u00e4lten var Duckm\u00e5lvakten Ville Husso, som svarade f\u00f6r 44 r\u00e4ddningar.<\/p>\n<p>\u2013 Det var verkligen inte v\u00e5r b\u00e4sta match ikv\u00e4ll, men vi lyckades f\u00e5 med oss tv\u00e5 po\u00e4ng. Det \u00e4r bara att tacka och ta emot, sa Husso efter\u00e5t i en tv-intervju med Victory+.<\/p>\n<p>Beckett Sennecke var lika glad han.<\/p>\n<p>\u2013 \u00c4rligt talat hade jag ingen koll p\u00e5 klockan, s\u00e5 jag visste inte hur mycket tid det var kvar. Men vi var desperata i numer\u00e4rt underl\u00e4ge, s\u00e5 jag sl\u00e4ngde bara iv\u00e4g pucken mot kassen och hade tur, sa Sennecke efter\u00e5t.<\/p>\n<p>Erik Karlsson, 35, kunde tr\u00f6sta sig med att han hade tv\u00e5 m\u00e5lgivande passningar i matchen och \u00e4r lagets po\u00e4ngstarkaste back med sina 20 po\u00e4ng, 1 m\u00e5l och 19 assist, p\u00e5 28 matcher i h\u00f6st.<\/p>\n<p>Penguins saknade p\u00e5 nytt Jevgenij Malkin och har sedan tidigare Rickard Rakell l\u00e5ngtidsskadad.<\/p>\n","protected":false},"excerpt":{"rendered":"Publicerad 10 dec 2025 kl 06.28Uppdaterad kl 07.18 LOS ANGELES. Det var h\u00f6stens sn\u00f6pligaste bakl\u00e4ngesm\u00e5l. Och det kostade&hellip;\n","protected":false},"author":2,"featured_media":101664,"comment_status":"","ping_status":"","sticky":false,"template":"","format":"standard","meta":{"footnotes":""},"categories":[68],"tags":[569,34,255,256,111,110,31,33,32,30],"class_list":{"0":"post-101663","1":"post","2":"type-post","3":"status-publish","4":"format-standard","5":"has-post-thumbnail","7":"category-sport","8":"tag-person-erik-karlsson","9":"tag-se","10":"tag-sections-ishockey","11":"tag-sections-nhl","12":"tag-sport","13":"tag-sports","14":"tag-svenska","15":"tag-sverige","16":"tag-sweden","17":"tag-swedish"},"share_on_mastodon":{"url":"https:\/\/pubeurope.com\/@se\/115694119361326332","error":""},"_links":{"self":[{"href":"https:\/\/www.europesays.com\/se\/wp-json\/wp\/v2\/posts\/101663","targetHints":{"allow":["GET"]}}],"collection":[{"href":"https:\/\/www.europesays.com\/se\/wp-json\/wp\/v2\/posts"}],"about":[{"href":"https:\/\/www.europesays.com\/se\/wp-json\/wp\/v2\/types\/post"}],"author":[{"embeddable":true,"href":"https:\/\/www.europesays.com\/se\/wp-json\/wp\/v2\/users\/2"}],"replies":[{"embeddable":true,"href":"https:\/\/www.europesays.com\/se\/wp-json\/wp\/v2\/comments?post=101663"}],"version-history":[{"count":0,"href":"https:\/\/www.europesays.com\/se\/wp-json\/wp\/v2\/posts\/101663\/revisions"}],"wp:featuredmedia":[{"embeddable":true,"href":"https:\/\/www.europesays.com\/se\/wp-json\/wp\/v2\/media\/101664"}],"wp:attachment":[{"href":"https:\/\/www.europesays.com\/se\/wp-json\/wp\/v2\/media?parent=101663"}],"wp:term":[{"taxonomy":"category","embeddable":true,"href":"https:\/\/www.europesays.com\/se\/wp-json\/wp\/v2\/categories?post=101663"},{"taxonomy":"post_tag","embeddable":true,"href":"https:\/\/www.europesays.com\/se\/wp-json\/wp\/v2\/tags?post=101663"}],"curies":[{"name":"wp","href":"https:\/\/api.w.org\/{rel}","templated":true}]}}