{"id":101667,"date":"2025-12-10T07:38:23","date_gmt":"2025-12-10T07:38:23","guid":{"rendered":"https:\/\/www.europesays.com\/se\/101667\/"},"modified":"2025-12-10T07:38:23","modified_gmt":"2025-12-10T07:38:23","slug":"finland-kraver-snabba-beslut-om-de-frysta-ryska-tillgangarna-utrikes","status":"publish","type":"post","link":"https:\/\/www.europesays.com\/se\/101667\/","title":{"rendered":"Finland kr\u00e4ver snabba beslut om de frysta ryska tillg\u00e5ngarna | Utrikes"},"content":{"rendered":"<p class=\"aw-1gybjub aw-5vja16 kEtdKx kmuxyA yle__article__paragraph\">Ledare f\u00f6r sju EU-l\u00e4nder uppmanar i ett gemensamt brev EU att snabbt fatta beslut om att anv\u00e4nda frysta ryska tillg\u00e5ngar till st\u00f6d f\u00f6r Ukraina.<\/p>\n<p><img decoding=\"async\" alt=\"Ursula von der Leyen i profil med EU-flaggan i fonden.\" src=\"https:\/\/www.europesays.com\/se\/wp-content\/uploads\/2025\/12\/39-143032667c6c3d3ae498.jpeg\" class=\"aw-1l9m598 hKVVvP\"\/><\/p>\n<p>\u00d6ppna bildvisare<\/p>\n<p>Finland vill se skyndsamma beslut om hur de frysta ryska tillg\u00e5ngarna ska hanteras av EU. Bild: Olivier Matthys \/ EPA<\/p>\n<p>8.12 12:20\u2022Uppdaterad 8.12 14:47<\/p>\n<p>Lyssna (du h\u00f6r en artificiell r\u00f6st) 2:53<\/p>\n<p class=\"aw-1gybjub aw-1p7kakr kEtdKx cEmitX yle__article__paragraph\">F\u00f6rutom Finland st\u00e5r ocks\u00e5 Sveriges, Estlands, Irlands, Lettlands, Litauens och Polens regeringschefer bakom brevet till EU-kommissionens ordf\u00f6rande <strong class=\"aw-ak79eh KyCXm yle__article__strong\">Ursula von der Leyen<\/strong>.<\/p>\n<p class=\"aw-1gybjub aw-1p7kakr kEtdKx cEmitX yle__article__paragraph\">Ledarna betonar att st\u00f6det till Ukraina i dess kamp f\u00f6r frihet och sj\u00e4lvst\u00e4ndighet inte bara \u00e4r en moralisk skyldighet, utan ocks\u00e5 ligger i Europas eget intresse.<\/p>\n<p class=\"aw-1gybjub aw-1p7kakr kEtdKx cEmitX yle__article__paragraph\">\u201dVi m\u00e5ste snabbt g\u00e5 vidare med kommissionens f\u00f6rslag om att anv\u00e4nda de frysta ryska tillg\u00e5ngarna f\u00f6r ett l\u00e5n till Ukraina\u201d, skriver de.<\/p>\n<p>Sv\u00e5ra diskussioner v\u00e4ntar<\/p>\n<p class=\"aw-1gybjub aw-1p7kakr kEtdKx cEmitX yle__article__paragraph\">EU har redan l\u00e4nge diskuterat hur de frysta ryska tillg\u00e5ngarna p\u00e5 omkring 210 miljarder euro kan anv\u00e4ndas.<\/p>\n<p class=\"aw-1gybjub aw-1p7kakr kEtdKx cEmitX yle__article__paragraph\">Enligt EU-kommissionens f\u00f6rslag skulle tillg\u00e5ngarna anv\u00e4ndas f\u00f6r att ge Ukraina ett l\u00e5n, som landet \u00e5terbetalar om och n\u00e4r Ryssland betalar krigsskadest\u00e5nd.<\/p>\n<p class=\"aw-1gybjub aw-1p7kakr kEtdKx cEmitX yle__article__paragraph\">L\u00e5net f\u00f6resl\u00e5s uppg\u00e5 till 140 miljarder euro och skulle betalas ut successivt, enligt Ukrainas behov, och specificeras i en \u00e5rlig finansieringsstrategi.<\/p>\n<p class=\"aw-1gybjub aw-1p7kakr kEtdKx cEmitX yle__article__paragraph\">Av det totala beloppet ska 45 miljarder euro h\u00e5llas i reserv f\u00f6r att \u00e5terbetala tidigare l\u00e5n och p\u00e5 s\u00e5 s\u00e4tt inte \u00f6ka Ukrainas skuldb\u00f6rda.<\/p>\n<p>Belgien beh\u00f6ver garantier<\/p>\n<p class=\"aw-1gybjub aw-1p7kakr kEtdKx cEmitX yle__article__paragraph\">Den st\u00f6rsta delen av de ryska tillg\u00e5ngarna finns p\u00e5 konton hos finansinstitutet Euroclear i Belgien.<\/p>\n<p class=\"aw-1gybjub aw-1p7kakr kEtdKx cEmitX yle__article__paragraph\">\u2013 Den finansiella stabiliteten \u00e4r hotad ifall EU anv\u00e4nder de frysta ryska tillg\u00e5ngarna, s\u00e4ger vd:n f\u00f6r Euroclear <strong class=\"aw-ak79eh KyCXm yle__article__strong\">Valerie Urban<\/strong> till nyhetsbyr\u00e5n Reuters.<\/p>\n<p class=\"aw-1gybjub aw-1p7kakr kEtdKx cEmitX yle__article__paragraph\">Enligt Urban finns det inte n\u00e5gra \u201dgratispengar\u201d fr\u00e5n Euroclear till EU, eftersom alla ryska tillg\u00e5ngar d\u00e4r \u00e4r f\u00f6rem\u00e5l f\u00f6r r\u00e4ttsliga krav.<\/p>\n<p class=\"aw-1gybjub aw-1p7kakr kEtdKx cEmitX yle__article__paragraph\">Enligt Euroclear \u00e4r de frysta tillg\u00e5ngarna b\u00e4ttre l\u00e4mpade som ett f\u00f6rhandlingskort f\u00f6r att uppn\u00e5 fred i Ukraina ist\u00e4llet f\u00f6r att finansiera ett s\u00e5 kallat reparationsl\u00e5n.<\/p>\n<p class=\"aw-1gybjub aw-1p7kakr kEtdKx cEmitX yle__article__paragraph\">Ocks\u00e5 Belgien har hittills motsatt sig anv\u00e4ndningen av tillg\u00e5ngarna p\u00e5 grund av risker f\u00f6r rysk vederg\u00e4llning och ansvar f\u00f6r eventuella ers\u00e4ttningskrav.<\/p>\n<p>Ocks\u00e5 Finland b\u00f6r betala<\/p>\n<p class=\"aw-1gybjub aw-1p7kakr kEtdKx cEmitX yle__article__paragraph\">F\u00f6r att l\u00e5net ska kunna beviljas m\u00e5ste varje EU-land g\u00e5 i borgen f\u00f6r sin andel av summan.<\/p>\n<p class=\"aw-1gybjub aw-1p7kakr kEtdKx cEmitX yle__article__paragraph\">Tyskland skulle enligt f\u00f6rslaget st\u00e5 f\u00f6r den st\u00f6rsta andelen, cirka 52 miljarder euro. Om vissa medlemsl\u00e4nder, till exempel Ungern, v\u00e4ljer att inte delta kan de enskilda l\u00e4ndernas andel \u00f6ka.<\/p>\n<p class=\"aw-1gybjub aw-1p7kakr kEtdKx cEmitX yle__article__paragraph\">Enligt uppgifter i <a class=\"aw-iao6s4 iHOxEa yle__article__link\" href=\"https:\/\/www.politico.eu\/article\/eu-capitals-frozen-assets-loan-ukraine-russia-war-finances\/\" role=\"link\" rel=\"nofollow noopener\" target=\"_blank\">n\u00e4ttidningen Politico <\/a>skulle Finlands andel landa p\u00e5 cirka tre miljarder euro.<\/p>\n<p class=\"aw-1gybjub aw-1p7kakr kEtdKx cEmitX yle__article__paragraph\">Ukraina har ett uppskattat budgetunderskott p\u00e5 n\u00e4stan 72 miljarder euro n\u00e4sta \u00e5r och riskerar att tvingas g\u00f6ra drastiska nedsk\u00e4rningar om inte nytt st\u00f6d tillf\u00f6rs snabbt.<\/p>\n<p class=\"aw-1gybjub aw-1p7kakr kEtdKx cEmitX yle__article__paragraph\">EU-kommissionen hoppas n\u00e5 en uppg\u00f6relse om l\u00e5nepaketet vid toppm\u00f6tet som h\u00e5lls om tv\u00e5 veckor.<\/p>\n<p class=\"aw-1gybjub aw-1p7kakr kEtdKx cEmitX yle__article__paragraph\">K\u00e4lla: Reuters<\/p>\n","protected":false},"excerpt":{"rendered":"Ledare f\u00f6r sju EU-l\u00e4nder uppmanar i ett gemensamt brev EU att snabbt fatta beslut om att anv\u00e4nda frysta&hellip;\n","protected":false},"author":2,"featured_media":101668,"comment_status":"","ping_status":"","sticky":false,"template":"","format":"standard","meta":{"footnotes":""},"categories":[14],"tags":[22,23,7040,71,267,2429,1680,26,27,684,17,21,1744,24,25,28,29,15,16,18,1788,264,34,31,33,32,30,19,20,263,237,51,52,53,54],"class_list":{"0":"post-101667","1":"post","2":"type-post","3":"status-publish","4":"format-standard","5":"has-post-thumbnail","7":"category-varlden","8":"tag-breaking-news","9":"tag-breakingnews","10":"tag-bryssel","11":"tag-ekonomi","12":"tag-europa","13":"tag-europeiska-kommissionen","14":"tag-europeiska-unionen","15":"tag-featured-news","16":"tag-featurednews","17":"tag-finland","18":"tag-headlines","19":"tag-huvudnyheter","20":"tag-kriget-i-ukraina","21":"tag-latest-news","22":"tag-latestnews","23":"tag-main-news","24":"tag-mainnews","25":"tag-news","26":"tag-nyheter","27":"tag-rubriker","28":"tag-ryskt-anfall-mot-ukraina","29":"tag-ryssland","30":"tag-se","31":"tag-svenska","32":"tag-sverige","33":"tag-sweden","34":"tag-swedish","35":"tag-top-stories","36":"tag-topstories","37":"tag-ukraina","38":"tag-utrikes","39":"tag-varlden","40":"tag-world","41":"tag-world-news","42":"tag-worldnews"},"share_on_mastodon":{"url":"https:\/\/pubeurope.com\/@se\/115694135300812002","error":""},"_links":{"self":[{"href":"https:\/\/www.europesays.com\/se\/wp-json\/wp\/v2\/posts\/101667","targetHints":{"allow":["GET"]}}],"collection":[{"href":"https:\/\/www.europesays.com\/se\/wp-json\/wp\/v2\/posts"}],"about":[{"href":"https:\/\/www.europesays.com\/se\/wp-json\/wp\/v2\/types\/post"}],"author":[{"embeddable":true,"href":"https:\/\/www.europesays.com\/se\/wp-json\/wp\/v2\/users\/2"}],"replies":[{"embeddable":true,"href":"https:\/\/www.europesays.com\/se\/wp-json\/wp\/v2\/comments?post=101667"}],"version-history":[{"count":0,"href":"https:\/\/www.europesays.com\/se\/wp-json\/wp\/v2\/posts\/101667\/revisions"}],"wp:featuredmedia":[{"embeddable":true,"href":"https:\/\/www.europesays.com\/se\/wp-json\/wp\/v2\/media\/101668"}],"wp:attachment":[{"href":"https:\/\/www.europesays.com\/se\/wp-json\/wp\/v2\/media?parent=101667"}],"wp:term":[{"taxonomy":"category","embeddable":true,"href":"https:\/\/www.europesays.com\/se\/wp-json\/wp\/v2\/categories?post=101667"},{"taxonomy":"post_tag","embeddable":true,"href":"https:\/\/www.europesays.com\/se\/wp-json\/wp\/v2\/tags?post=101667"}],"curies":[{"name":"wp","href":"https:\/\/api.w.org\/{rel}","templated":true}]}}