{"id":101695,"date":"2025-12-10T08:10:08","date_gmt":"2025-12-10T08:10:08","guid":{"rendered":"https:\/\/www.europesays.com\/se\/101695\/"},"modified":"2025-12-10T08:10:08","modified_gmt":"2025-12-10T08:10:08","slug":"donator-med-cancergen-har-minst-197-biologiska-barn","status":"publish","type":"post","link":"https:\/\/www.europesays.com\/se\/101695\/","title":{"rendered":"Donator med cancergen har minst 197 biologiska barn"},"content":{"rendered":"<p>\u201dKjeld\u201d var i n\u00e4stan 20 \u00e5r donator hos en spermabank i Danmark. Enligt ett avsl\u00f6jande fr\u00e5n EBU har mannen minst 197 biologiska barn d\u00e4r flera av dem diagnostiserats med cancer. <\/p>\n<p>I \u201dKjelds\u201d spermier dolde sig en potentiellt livsfarlig mutation som kan leda till cancer. I avsl\u00f6jandet visade det sig handla om minst 197 barn, och enligt SVT:s uppgifter \u00e4r minst 22 barn i Sverige ber\u00f6rda. <\/p>\n<p>Det \u00e4r inte k\u00e4nt hur m\u00e5nga som testats men en genetikspecialist inom expertn\u00e4tverket Genturis har ber\u00e4ttat att barn d\u00f6tt. Exakt hur m\u00e5nga \u00e4r oklart. <\/p>\n","protected":false},"excerpt":{"rendered":"\u201dKjeld\u201d var i n\u00e4stan 20 \u00e5r donator hos en spermabank i Danmark. Enligt ett avsl\u00f6jande fr\u00e5n EBU har&hellip;\n","protected":false},"author":2,"featured_media":793,"comment_status":"","ping_status":"","sticky":false,"template":"","format":"standard","meta":{"footnotes":""},"categories":[14],"tags":[22,23,26,27,17,21,24,25,28,29,15,16,18,34,31,33,32,30,19,20,51,52,53,54],"class_list":{"0":"post-101695","1":"post","2":"type-post","3":"status-publish","4":"format-standard","5":"has-post-thumbnail","7":"category-varlden","8":"tag-breaking-news","9":"tag-breakingnews","10":"tag-featured-news","11":"tag-featurednews","12":"tag-headlines","13":"tag-huvudnyheter","14":"tag-latest-news","15":"tag-latestnews","16":"tag-main-news","17":"tag-mainnews","18":"tag-news","19":"tag-nyheter","20":"tag-rubriker","21":"tag-se","22":"tag-svenska","23":"tag-sverige","24":"tag-sweden","25":"tag-swedish","26":"tag-top-stories","27":"tag-topstories","28":"tag-varlden","29":"tag-world","30":"tag-world-news","31":"tag-worldnews"},"share_on_mastodon":{"url":"https:\/\/pubeurope.com\/@se\/115694260985501895","error":""},"_links":{"self":[{"href":"https:\/\/www.europesays.com\/se\/wp-json\/wp\/v2\/posts\/101695","targetHints":{"allow":["GET"]}}],"collection":[{"href":"https:\/\/www.europesays.com\/se\/wp-json\/wp\/v2\/posts"}],"about":[{"href":"https:\/\/www.europesays.com\/se\/wp-json\/wp\/v2\/types\/post"}],"author":[{"embeddable":true,"href":"https:\/\/www.europesays.com\/se\/wp-json\/wp\/v2\/users\/2"}],"replies":[{"embeddable":true,"href":"https:\/\/www.europesays.com\/se\/wp-json\/wp\/v2\/comments?post=101695"}],"version-history":[{"count":0,"href":"https:\/\/www.europesays.com\/se\/wp-json\/wp\/v2\/posts\/101695\/revisions"}],"wp:featuredmedia":[{"embeddable":true,"href":"https:\/\/www.europesays.com\/se\/wp-json\/wp\/v2\/media\/793"}],"wp:attachment":[{"href":"https:\/\/www.europesays.com\/se\/wp-json\/wp\/v2\/media?parent=101695"}],"wp:term":[{"taxonomy":"category","embeddable":true,"href":"https:\/\/www.europesays.com\/se\/wp-json\/wp\/v2\/categories?post=101695"},{"taxonomy":"post_tag","embeddable":true,"href":"https:\/\/www.europesays.com\/se\/wp-json\/wp\/v2\/tags?post=101695"}],"curies":[{"name":"wp","href":"https:\/\/api.w.org\/{rel}","templated":true}]}}