{"id":101713,"date":"2025-12-10T08:22:09","date_gmt":"2025-12-10T08:22:09","guid":{"rendered":"https:\/\/www.europesays.com\/se\/101713\/"},"modified":"2025-12-10T08:22:09","modified_gmt":"2025-12-10T08:22:09","slug":"bayern-nobbar-salah-liverpool-stjarnan-nara-vinterflytt-svenskafans-com","status":"publish","type":"post","link":"https:\/\/www.europesays.com\/se\/101713\/","title":{"rendered":"Bayern nobbar Salah \u2013 Liverpool-stj\u00e4rnan n\u00e4ra vinterflytt &#8211; SvenskaFans.com"},"content":{"rendered":"<ol>\n<li><a href=\"https:\/\/news.google.com\/rss\/articles\/CBMinAFBVV95cUxQVS1IMHdFdUxVY09yU205VGdxX0lzT3FiZFQyVW5HbWxjV1h3QXlTQm5NaGc3Z3lUaXFyTmVzdEgyNDRmNlNyZ3FJUUxxSnBUbktJZmFVcTQyVnZJSXdOdmtTb3RuTnlIT3I4LXlvX2FZVUltS0x2dUVsSEJCYVl4QWthX0l6Yi1XM1RId09nTWxWaFhGcnhfbUN6R1I?oc=5\" target=\"_blank\" rel=\"nofollow noopener\">Bayern nobbar Salah \u2013 Liverpool-stj\u00e4rnan n\u00e4ra vinterflytt<\/a>&nbsp;&nbsp;SvenskaFans.com<\/li>\n<li><a href=\"https:\/\/news.google.com\/rss\/articles\/CBMitAFBVV95cUxPSnFablFlakhIOXVGV085LXRmMVRFRUhmdUx5MUJkZy1YWmJqakFhWFFuTGUxQWhBcGg2cHFUaU8xSGVDSFo4WFVPU3FibGFrVVpkNlJneElmTmQ0bXplVzlGem5ka2dBTWZtak5BTHlaakxLOFVMcDdIb1RYQ3laa2d1WGtzZVdDWFg3VGJlYXdnUG4zVUtCLWp6UDZhd1hJRGpHMHVxZDJwYWUzZW9aRlltVS0?oc=5\" target=\"_blank\" rel=\"nofollow noopener\">Liverpool markerar mot Salah<\/a>&nbsp;&nbsp;Aftonbladet<\/li>\n<li><a href=\"https:\/\/news.google.com\/rss\/articles\/CBMimgFBVV95cUxNYkhSYVFzXzdhWWZDUV82SFQwTUstbXNIa0ludXZMRl92NkRxd2N5U2VhS0QyU2xMZXAyTWhIMGQ3OGZ1NE0zR2lwS24tTzdya3JXNEVyQU1Nam9DUW5xdEZUV29tT0tkNktKX09oN2I4TS1oZUlzelVmNXVoNVlZOTVPVjZ4R0FVN2RpbFdnNm1CS2hwSVFYS2JB?oc=5\" target=\"_blank\" rel=\"nofollow noopener\">H\u00e4r ryker expererna ihop<\/a>&nbsp;&nbsp;Expressen<\/li>\n<li><a href=\"https:\/\/news.google.com\/rss\/articles\/CBMikAFBVV95cUxOcDlfSkg2ZVk2QUZ4MHM0QktzbFhuX1VXN1lzenlVejN4bVYzUjd5LWc2ZHJrSW9DajV5cDFZYW9hcE42VXFVRFcxUXJ5Mm5pWTdBVXAxSWJDQ2ExYTFmSXNXYTNFamFER2xpNmlmaldQY2pURDFpR2xZVHB3U3RLV2k4UlVpWjllS3duOW1ieWE?oc=5\" target=\"_blank\" rel=\"nofollow noopener\">Fotboll: Slot om Salahs framtid i Liverpool: \u201dJag har ingen aning\u201d<\/a>&nbsp;&nbsp;SVT Nyheter<\/li>\n<li><a href=\"https:\/\/news.google.com\/rss\/articles\/CBMijwFBVV95cUxQeklyNFF2SXlER0U1ZmE0Y1VCYUZjU1FkbDNTZHZhcm04WjNxZk43NXBCaGxGUjM2LXhBT3drM3UwRnN1RVZQODFYdTdkb3ZtWGNrd3g0TjNJV2xPdFlPQkdmcWRTZ2hTRjNZcUJjU0N3MTdieXBzUUZ4ZVNSM3RPVGJZcGRqMHRGMGdGaVJWSQ?oc=5\" target=\"_blank\" rel=\"nofollow noopener\">Arne Slots ord efter Salahs utspel: \u201dVi m\u00e5ste agera\u201d<\/a>&nbsp;&nbsp;Sveriges Radio<\/li>\n<\/ol>\n","protected":false},"excerpt":{"rendered":"Bayern nobbar Salah \u2013 Liverpool-stj\u00e4rnan n\u00e4ra vinterflytt&nbsp;&nbsp;SvenskaFans.com Liverpool markerar mot Salah&nbsp;&nbsp;Aftonbladet H\u00e4r ryker expererna ihop&nbsp;&nbsp;Expressen Fotboll: Slot om&hellip;\n","protected":false},"author":2,"featured_media":101714,"comment_status":"","ping_status":"","sticky":false,"template":"","format":"standard","meta":{"footnotes":""},"categories":[68],"tags":[159,158,157,138,156,165,164,140,34,160,162,111,110,31,161,33,32,30,163],"class_list":{"0":"post-101713","1":"post","2":"type-post","3":"status-publish","4":"format-standard","5":"has-post-thumbnail","7":"category-sport","8":"tag-allsvenskan","9":"tag-fans","10":"tag-fantv","11":"tag-fotboll","12":"tag-hockey","13":"tag-matcher","14":"tag-matchprogram","15":"tag-premier-league","16":"tag-se","17":"tag-serie-a","18":"tag-spelschema","19":"tag-sport","20":"tag-sports","21":"tag-svenska","22":"tag-svenskafans","23":"tag-sverige","24":"tag-sweden","25":"tag-swedish","26":"tag-tabeller"},"share_on_mastodon":{"url":"https:\/\/pubeurope.com\/@se\/115694308203263607","error":""},"_links":{"self":[{"href":"https:\/\/www.europesays.com\/se\/wp-json\/wp\/v2\/posts\/101713","targetHints":{"allow":["GET"]}}],"collection":[{"href":"https:\/\/www.europesays.com\/se\/wp-json\/wp\/v2\/posts"}],"about":[{"href":"https:\/\/www.europesays.com\/se\/wp-json\/wp\/v2\/types\/post"}],"author":[{"embeddable":true,"href":"https:\/\/www.europesays.com\/se\/wp-json\/wp\/v2\/users\/2"}],"replies":[{"embeddable":true,"href":"https:\/\/www.europesays.com\/se\/wp-json\/wp\/v2\/comments?post=101713"}],"version-history":[{"count":0,"href":"https:\/\/www.europesays.com\/se\/wp-json\/wp\/v2\/posts\/101713\/revisions"}],"wp:featuredmedia":[{"embeddable":true,"href":"https:\/\/www.europesays.com\/se\/wp-json\/wp\/v2\/media\/101714"}],"wp:attachment":[{"href":"https:\/\/www.europesays.com\/se\/wp-json\/wp\/v2\/media?parent=101713"}],"wp:term":[{"taxonomy":"category","embeddable":true,"href":"https:\/\/www.europesays.com\/se\/wp-json\/wp\/v2\/categories?post=101713"},{"taxonomy":"post_tag","embeddable":true,"href":"https:\/\/www.europesays.com\/se\/wp-json\/wp\/v2\/tags?post=101713"}],"curies":[{"name":"wp","href":"https:\/\/api.w.org\/{rel}","templated":true}]}}